{"id":5576,"date":"2025-06-09T11:55:24","date_gmt":"2025-06-09T09:55:24","guid":{"rendered":"https:\/\/agora.xtec.cat\/iesalmenar\/?p=5576"},"modified":"2025-06-09T11:55:24","modified_gmt":"2025-06-09T09:55:24","slug":"sortida-cultural-a-lleida-de-1r-de-batxillerat","status":"publish","type":"post","link":"https:\/\/agora.xtec.cat\/iesalmenar\/noticies\/sortida-cultural-a-lleida-de-1r-de-batxillerat\/","title":{"rendered":"Sortida cultural a Lleida de 1r de Batxillerat"},"content":{"rendered":"<p data-start=\"91\" data-end=\"266\">El passat 29\/5, els alumnes de 1r de Batxillerat vem anar a Lleida a visitar dos museos, primer la Fundaci\u00f3 Sorigu\u00e9 on vem gaudir de l&#8217;exposici\u00f3 de &#8220;William Kentridge&#8221; i la seva obra sobretot audiovisual en blanc i negre i al CaixaForum amb l&#8217;exposici\u00f3 &#8220;Colors del m\u00f3n&#8221;, fotografies d&#8217;arreu del m\u00f3n de la National\u00a0Geographic, on cada color es representa en una sala diferent.<\/p>\n","protected":false},"excerpt":{"rendered":"<p>El passat 29\/5, els alumnes de 1r de Batxillerat vem anar a Lleida a visitar dos museos, primer la Fundaci\u00f3 Sorigu\u00e9 on vem gaudir de l&#8217;exposici\u00f3 de &#8220;William Kentridge&#8221; i la seva obra sobretot audiovisual en blanc i negre i al CaixaForum amb l&#8217;exposici\u00f3 &#8220;Colors&hellip;  <a href=\"https:\/\/agora.xtec.cat\/iesalmenar\/noticies\/sortida-cultural-a-lleida-de-1r-de-batxillerat\/\" title=\"Read Sortida cultural a Lleida de 1r de Batxillerat\">Llegeix m\u00e9s\u00bb<\/a><\/p>\n","protected":false},"author":1,"featured_media":5577,"comment_status":"open","ping_status":"open","sticky":false,"template":"","format":"standard","meta":{"_bbp_topic_count":0,"_bbp_reply_count":0,"_bbp_total_topic_count":0,"_bbp_total_reply_count":0,"_bbp_voice_count":0,"_bbp_anonymous_reply_count":0,"_bbp_topic_count_hidden":0,"_bbp_reply_count_hidden":0,"_bbp_forum_subforum_count":0,"footnotes":""},"categories":[262],"tags":[],"class_list":["post-5576","post","type-post","status-publish","format-standard","has-post-thumbnail","hentry","category-noticies"],"post_mailing_queue_ids":[],"_links":{"self":[{"href":"https:\/\/agora.xtec.cat\/iesalmenar\/wp-json\/wp\/v2\/posts\/5576","targetHints":{"allow":["GET"]}}],"collection":[{"href":"https:\/\/agora.xtec.cat\/iesalmenar\/wp-json\/wp\/v2\/posts"}],"about":[{"href":"https:\/\/agora.xtec.cat\/iesalmenar\/wp-json\/wp\/v2\/types\/post"}],"author":[{"embeddable":true,"href":"https:\/\/agora.xtec.cat\/iesalmenar\/wp-json\/wp\/v2\/users\/1"}],"replies":[{"embeddable":true,"href":"https:\/\/agora.xtec.cat\/iesalmenar\/wp-json\/wp\/v2\/comments?post=5576"}],"version-history":[{"count":1,"href":"https:\/\/agora.xtec.cat\/iesalmenar\/wp-json\/wp\/v2\/posts\/5576\/revisions"}],"predecessor-version":[{"id":5578,"href":"https:\/\/agora.xtec.cat\/iesalmenar\/wp-json\/wp\/v2\/posts\/5576\/revisions\/5578"}],"wp:featuredmedia":[{"embeddable":true,"href":"https:\/\/agora.xtec.cat\/iesalmenar\/wp-json\/wp\/v2\/media\/5577"}],"wp:attachment":[{"href":"https:\/\/agora.xtec.cat\/iesalmenar\/wp-json\/wp\/v2\/media?parent=5576"}],"wp:term":[{"taxonomy":"category","embeddable":true,"href":"https:\/\/agora.xtec.cat\/iesalmenar\/wp-json\/wp\/v2\/categories?post=5576"},{"taxonomy":"post_tag","embeddable":true,"href":"https:\/\/agora.xtec.cat\/iesalmenar\/wp-json\/wp\/v2\/tags?post=5576"}],"curies":[{"name":"wp","href":"https:\/\/api.w.org\/{rel}","templated":true}]}}