{"id":5550,"date":"2025-05-23T09:00:57","date_gmt":"2025-05-23T07:00:57","guid":{"rendered":"https:\/\/agora.xtec.cat\/iesalmenar\/?p=5550"},"modified":"2025-05-27T20:25:34","modified_gmt":"2025-05-27T18:25:34","slug":"%f0%9f%8f%86-campions-del-pica-lletres","status":"publish","type":"post","link":"https:\/\/agora.xtec.cat\/iesalmenar\/noticies\/%f0%9f%8f%86-campions-del-pica-lletres\/","title":{"rendered":"\ud83c\udfc6 Campions del Pica Lletres!"},"content":{"rendered":"<p data-start=\"129\" data-end=\"410\">\ud83c\udf89 <strong data-start=\"132\" data-end=\"174\">Enhorabona, campions del Pica Lletres!<\/strong> \ud83c\udf89<br data-start=\"177\" data-end=\"180\" \/><br \/>\nEl <strong data-start=\"183\" data-end=\"202\">Ferran Vilamaj\u00f3<\/strong> i l\u2019<strong data-start=\"207\" data-end=\"226\">Andzhela Genova<\/strong>, alumnes de <strong data-start=\"239\" data-end=\"275\">3r d\u2019ESO de l\u2019Institut d\u2019Almenar<\/strong>, han guanyat el concurs ling\u00fc\u00edstic televisiu <strong data-start=\"321\" data-end=\"337\" data-is-only-node=\"\">Pica Lletres<\/strong> de la zona de <strong data-start=\"352\" data-end=\"360\">Ser\u00e8<\/strong> i s\u2019han classificat per a la <strong data-start=\"390\" data-end=\"404\">Gran Final<\/strong>! \ud83c\udfc6\ud83d\udcda<\/p>\n<p data-start=\"412\" data-end=\"574\">\ud83d\udcfa Cada any, aquest concurs posa a prova els coneixements d\u2019<strong data-start=\"472\" data-end=\"495\">ortografia catalana<\/strong> d\u2019alumnes d\u2019arreu del pa\u00eds, fomentant l\u2019estima i l\u2019aprenentatge de la llengua.<\/p>\n<p data-start=\"576\" data-end=\"761\">\ud83d\udcac <strong data-start=\"579\" data-end=\"674\">Des de l\u2019Institut d\u2019Almenar, els felicitem de tot cor i els desitgem molta sort a la final!<\/strong><br data-start=\"674\" data-end=\"677\" \/><br \/>\n#PicaLletres #InstitutAlmenar #OrgullDeCentre #LlenguaCatalana #Educaci\u00f3 #Enhorabona<\/p>\n<p data-start=\"576\" data-end=\"761\"><a href=\"https:\/\/agora.xtec.cat\/iesalmenar\/wp-content\/uploads\/usu784\/2025\/05\/foto-pica-ferran-tv.jpg\"><img loading=\"lazy\" decoding=\"async\" class=\"size-medium wp-image-5552 alignleft\" src=\"https:\/\/agora.xtec.cat\/iesalmenar\/wp-content\/uploads\/usu784\/2025\/05\/foto-pica-ferran-tv-231x300.jpg\" alt=\"\" width=\"231\" height=\"300\" srcset=\"https:\/\/agora.xtec.cat\/iesalmenar\/wp-content\/uploads\/usu784\/2025\/05\/foto-pica-ferran-tv-231x300.jpg 231w, https:\/\/agora.xtec.cat\/iesalmenar\/wp-content\/uploads\/usu784\/2025\/05\/foto-pica-ferran-tv-790x1024.jpg 790w, https:\/\/agora.xtec.cat\/iesalmenar\/wp-content\/uploads\/usu784\/2025\/05\/foto-pica-ferran-tv-116x150.jpg 116w, https:\/\/agora.xtec.cat\/iesalmenar\/wp-content\/uploads\/usu784\/2025\/05\/foto-pica-ferran-tv-768x996.jpg 768w, https:\/\/agora.xtec.cat\/iesalmenar\/wp-content\/uploads\/usu784\/2025\/05\/foto-pica-ferran-tv-1185x1536.jpg 1185w, https:\/\/agora.xtec.cat\/iesalmenar\/wp-content\/uploads\/usu784\/2025\/05\/foto-pica-ferran-tv.jpg 1380w\" sizes=\"auto, (max-width: 231px) 100vw, 231px\" \/><\/a><\/p>\n","protected":false},"excerpt":{"rendered":"<p>\ud83c\udf89 Enhorabona, campions del Pica Lletres! \ud83c\udf89<br \/>\nEl Ferran Vilamaj\u00f3 i l\u2019Andzhela Genova, alumnes de 3r d\u2019ESO de l\u2019Institut d\u2019Almenar, han guanyat el concurs ling\u00fc\u00edstic televisiu Pica Lletres de la zona de Ser\u00e8 i s\u2019han classificat per a la Gran Final! \ud83c\udfc6\ud83d\udcda<br \/>\n\ud83d\udcfa Cada any, aquest concurs&hellip;  <a href=\"https:\/\/agora.xtec.cat\/iesalmenar\/noticies\/%f0%9f%8f%86-campions-del-pica-lletres\/\" title=\"Read \ud83c\udfc6 Campions del Pica Lletres!\">Llegeix m\u00e9s\u00bb<\/a><\/p>\n","protected":false},"author":1,"featured_media":5551,"comment_status":"open","ping_status":"closed","sticky":false,"template":"","format":"standard","meta":{"_bbp_topic_count":0,"_bbp_reply_count":0,"_bbp_total_topic_count":0,"_bbp_total_reply_count":0,"_bbp_voice_count":0,"_bbp_anonymous_reply_count":0,"_bbp_topic_count_hidden":0,"_bbp_reply_count_hidden":0,"_bbp_forum_subforum_count":0,"footnotes":""},"categories":[262],"tags":[],"class_list":["post-5550","post","type-post","status-publish","format-standard","has-post-thumbnail","hentry","category-noticies"],"post_mailing_queue_ids":[],"_links":{"self":[{"href":"https:\/\/agora.xtec.cat\/iesalmenar\/wp-json\/wp\/v2\/posts\/5550","targetHints":{"allow":["GET"]}}],"collection":[{"href":"https:\/\/agora.xtec.cat\/iesalmenar\/wp-json\/wp\/v2\/posts"}],"about":[{"href":"https:\/\/agora.xtec.cat\/iesalmenar\/wp-json\/wp\/v2\/types\/post"}],"author":[{"embeddable":true,"href":"https:\/\/agora.xtec.cat\/iesalmenar\/wp-json\/wp\/v2\/users\/1"}],"replies":[{"embeddable":true,"href":"https:\/\/agora.xtec.cat\/iesalmenar\/wp-json\/wp\/v2\/comments?post=5550"}],"version-history":[{"count":2,"href":"https:\/\/agora.xtec.cat\/iesalmenar\/wp-json\/wp\/v2\/posts\/5550\/revisions"}],"predecessor-version":[{"id":5555,"href":"https:\/\/agora.xtec.cat\/iesalmenar\/wp-json\/wp\/v2\/posts\/5550\/revisions\/5555"}],"wp:featuredmedia":[{"embeddable":true,"href":"https:\/\/agora.xtec.cat\/iesalmenar\/wp-json\/wp\/v2\/media\/5551"}],"wp:attachment":[{"href":"https:\/\/agora.xtec.cat\/iesalmenar\/wp-json\/wp\/v2\/media?parent=5550"}],"wp:term":[{"taxonomy":"category","embeddable":true,"href":"https:\/\/agora.xtec.cat\/iesalmenar\/wp-json\/wp\/v2\/categories?post=5550"},{"taxonomy":"post_tag","embeddable":true,"href":"https:\/\/agora.xtec.cat\/iesalmenar\/wp-json\/wp\/v2\/tags?post=5550"}],"curies":[{"name":"wp","href":"https:\/\/api.w.org\/{rel}","templated":true}]}}