{"id":5544,"date":"2025-05-22T09:00:19","date_gmt":"2025-05-22T07:00:19","guid":{"rendered":"https:\/\/agora.xtec.cat\/iesalmenar\/?p=5544"},"modified":"2025-05-21T22:04:42","modified_gmt":"2025-05-21T20:04:42","slug":"%e2%9c%a8-entrega-dorles-2025-institut-almenar","status":"publish","type":"post","link":"https:\/\/agora.xtec.cat\/iesalmenar\/noticies\/%e2%9c%a8-entrega-dorles-2025-institut-almenar\/","title":{"rendered":"\u2728 Entrega d\u2019orles 2025 \u2013 Institut Almenar"},"content":{"rendered":"<p data-start=\"251\" data-end=\"389\">Els alumnes de <strong data-start=\"266\" data-end=\"287\">2n de Batxillerat<\/strong> i de <strong data-start=\"293\" data-end=\"333\">2n del CFGM de Gesti\u00f3 Administrativa<\/strong> van viure una tarda plena d\u2019emocions i celebraci\u00f3! \ud83d\ude4c\ud83d\udc99<\/p>\n<p data-start=\"391\" data-end=\"475\">Aqu\u00ed teniu algunes \ud83d\udcf8 de la jornada.<br data-start=\"427\" data-end=\"430\" \/><br \/>\nMoltes felicitats, graduats i graduades! \ud83d\udc4f\ud83c\udf89<\/p>\n<p data-start=\"477\" data-end=\"594\">#Graduaci\u00f32025 #InstitutAlmenar #Orles #Batxillerat #Gesti\u00f3Administrativa #OrgullDeCentre #Educaci\u00f3 #NousComen\u00e7aments<\/p>\n<p data-start=\"477\" data-end=\"594\"><a href=\"https:\/\/agora.xtec.cat\/iesalmenar\/wp-content\/uploads\/usu784\/2025\/05\/PHOTO-2025-05-21-21-58-17-3.jpg\"><img loading=\"lazy\" decoding=\"async\" class=\"size-medium wp-image-5546 alignleft\" src=\"https:\/\/agora.xtec.cat\/iesalmenar\/wp-content\/uploads\/usu784\/2025\/05\/PHOTO-2025-05-21-21-58-17-3-300x200.jpg\" alt=\"\" width=\"300\" height=\"200\" srcset=\"https:\/\/agora.xtec.cat\/iesalmenar\/wp-content\/uploads\/usu784\/2025\/05\/PHOTO-2025-05-21-21-58-17-3-300x200.jpg 300w, https:\/\/agora.xtec.cat\/iesalmenar\/wp-content\/uploads\/usu784\/2025\/05\/PHOTO-2025-05-21-21-58-17-3-1024x682.jpg 1024w, https:\/\/agora.xtec.cat\/iesalmenar\/wp-content\/uploads\/usu784\/2025\/05\/PHOTO-2025-05-21-21-58-17-3-150x100.jpg 150w, https:\/\/agora.xtec.cat\/iesalmenar\/wp-content\/uploads\/usu784\/2025\/05\/PHOTO-2025-05-21-21-58-17-3-768x512.jpg 768w, https:\/\/agora.xtec.cat\/iesalmenar\/wp-content\/uploads\/usu784\/2025\/05\/PHOTO-2025-05-21-21-58-17-3-1536x1023.jpg 1536w, https:\/\/agora.xtec.cat\/iesalmenar\/wp-content\/uploads\/usu784\/2025\/05\/PHOTO-2025-05-21-21-58-17-3.jpg 1600w\" sizes=\"auto, (max-width: 300px) 100vw, 300px\" \/><\/a> <a href=\"https:\/\/agora.xtec.cat\/iesalmenar\/wp-content\/uploads\/usu784\/2025\/05\/PHOTO-2025-05-21-21-58-17-4.jpg\"><img loading=\"lazy\" decoding=\"async\" class=\"size-medium wp-image-5547 alignleft\" src=\"https:\/\/agora.xtec.cat\/iesalmenar\/wp-content\/uploads\/usu784\/2025\/05\/PHOTO-2025-05-21-21-58-17-4-300x200.jpg\" alt=\"\" width=\"300\" height=\"200\" srcset=\"https:\/\/agora.xtec.cat\/iesalmenar\/wp-content\/uploads\/usu784\/2025\/05\/PHOTO-2025-05-21-21-58-17-4-300x200.jpg 300w, https:\/\/agora.xtec.cat\/iesalmenar\/wp-content\/uploads\/usu784\/2025\/05\/PHOTO-2025-05-21-21-58-17-4-1024x682.jpg 1024w, https:\/\/agora.xtec.cat\/iesalmenar\/wp-content\/uploads\/usu784\/2025\/05\/PHOTO-2025-05-21-21-58-17-4-150x100.jpg 150w, https:\/\/agora.xtec.cat\/iesalmenar\/wp-content\/uploads\/usu784\/2025\/05\/PHOTO-2025-05-21-21-58-17-4-768x512.jpg 768w, https:\/\/agora.xtec.cat\/iesalmenar\/wp-content\/uploads\/usu784\/2025\/05\/PHOTO-2025-05-21-21-58-17-4-1536x1023.jpg 1536w, https:\/\/agora.xtec.cat\/iesalmenar\/wp-content\/uploads\/usu784\/2025\/05\/PHOTO-2025-05-21-21-58-17-4.jpg 1600w\" sizes=\"auto, (max-width: 300px) 100vw, 300px\" \/><\/a><\/p>\n","protected":false},"excerpt":{"rendered":"<p>Els alumnes de 2n de Batxillerat i de 2n del CFGM de Gesti\u00f3 Administrativa van viure una tarda plena d\u2019emocions i celebraci\u00f3! \ud83d\ude4c\ud83d\udc99<br \/>\nAqu\u00ed teniu algunes \ud83d\udcf8 de la jornada.<br \/>\nMoltes felicitats, graduats i graduades! \ud83d\udc4f\ud83c\udf89<br \/>\n#Graduaci\u00f32025 #InstitutAlmenar #Orles #Batxillerat #Gesti\u00f3Administrativa #OrgullDeCentre #Educaci\u00f3 #NousComen\u00e7aments<br \/>\n<a href=\"https:\/\/agora.xtec.cat\/iesalmenar\/wp-content\/uploads\/usu784\/2025\/05\/PHOTO-2025-05-21-21-58-17-3.jpg\"><\/a> <a href=\"https:\/\/agora.xtec.cat\/iesalmenar\/wp-content\/uploads\/usu784\/2025\/05\/PHOTO-2025-05-21-21-58-17-4.jpg\"><\/a><\/p>\n","protected":false},"author":1,"featured_media":5545,"comment_status":"open","ping_status":"closed","sticky":false,"template":"","format":"standard","meta":{"_bbp_topic_count":0,"_bbp_reply_count":0,"_bbp_total_topic_count":0,"_bbp_total_reply_count":0,"_bbp_voice_count":0,"_bbp_anonymous_reply_count":0,"_bbp_topic_count_hidden":0,"_bbp_reply_count_hidden":0,"_bbp_forum_subforum_count":0,"footnotes":""},"categories":[262],"tags":[],"class_list":["post-5544","post","type-post","status-publish","format-standard","has-post-thumbnail","hentry","category-noticies"],"post_mailing_queue_ids":[],"_links":{"self":[{"href":"https:\/\/agora.xtec.cat\/iesalmenar\/wp-json\/wp\/v2\/posts\/5544","targetHints":{"allow":["GET"]}}],"collection":[{"href":"https:\/\/agora.xtec.cat\/iesalmenar\/wp-json\/wp\/v2\/posts"}],"about":[{"href":"https:\/\/agora.xtec.cat\/iesalmenar\/wp-json\/wp\/v2\/types\/post"}],"author":[{"embeddable":true,"href":"https:\/\/agora.xtec.cat\/iesalmenar\/wp-json\/wp\/v2\/users\/1"}],"replies":[{"embeddable":true,"href":"https:\/\/agora.xtec.cat\/iesalmenar\/wp-json\/wp\/v2\/comments?post=5544"}],"version-history":[{"count":1,"href":"https:\/\/agora.xtec.cat\/iesalmenar\/wp-json\/wp\/v2\/posts\/5544\/revisions"}],"predecessor-version":[{"id":5548,"href":"https:\/\/agora.xtec.cat\/iesalmenar\/wp-json\/wp\/v2\/posts\/5544\/revisions\/5548"}],"wp:featuredmedia":[{"embeddable":true,"href":"https:\/\/agora.xtec.cat\/iesalmenar\/wp-json\/wp\/v2\/media\/5545"}],"wp:attachment":[{"href":"https:\/\/agora.xtec.cat\/iesalmenar\/wp-json\/wp\/v2\/media?parent=5544"}],"wp:term":[{"taxonomy":"category","embeddable":true,"href":"https:\/\/agora.xtec.cat\/iesalmenar\/wp-json\/wp\/v2\/categories?post=5544"},{"taxonomy":"post_tag","embeddable":true,"href":"https:\/\/agora.xtec.cat\/iesalmenar\/wp-json\/wp\/v2\/tags?post=5544"}],"curies":[{"name":"wp","href":"https:\/\/api.w.org\/{rel}","templated":true}]}}