{"id":5541,"date":"2025-05-21T13:32:48","date_gmt":"2025-05-21T11:32:48","guid":{"rendered":"https:\/\/agora.xtec.cat\/iesalmenar\/?p=5541"},"modified":"2025-05-21T13:32:48","modified_gmt":"2025-05-21T11:32:48","slug":"explorant-lunivers-des-dager-%f0%9f%8c%8c","status":"publish","type":"post","link":"https:\/\/agora.xtec.cat\/iesalmenar\/noticies\/explorant-lunivers-des-dager-%f0%9f%8c%8c\/","title":{"rendered":"Explorant l&#8217;univers des d&#8217;\u00c0ger! \ud83c\udf0c"},"content":{"rendered":"<p class=\"\" data-start=\"136\" data-end=\"387\">\ud83d\udcf8\u2728 La setmana passada, l\u2019alumnat de 1r d\u2019ESO va viure una experi\u00e8ncia inoblidable! Durant tres dies van estar a la casa de col\u00f2nies <strong data-start=\"269\" data-end=\"290\">Mas Portal d\u2019\u00c0ger<\/strong> per realitzar el seu <strong data-start=\"312\" data-end=\"333\">cr\u00e8dit de s\u00edntesi<\/strong>, treballant l\u2019univers d\u2019una manera ben especial. \ud83c\udf0c\ud83d\ude80<\/p>\n<p class=\"\" data-start=\"389\" data-end=\"559\">Un dels moments m\u00e9s destacats va ser la visita a l\u2019<strong data-start=\"440\" data-end=\"470\">observatori astron\u00f2mic COU<\/strong>, on van poder aprofundir en els misteris del cosmos tot observant el cel estrellat. \ud83d\udd2d\ud83c\udf20<\/p>\n<p class=\"\" data-start=\"561\" data-end=\"654\">Aprenentatge, conviv\u00e8ncia i molta curiositat per descobrir m\u00e9s enll\u00e0 del nostre planeta! \ud83c\udf0d\ud83d\udcab<\/p>\n<p class=\"\" data-start=\"656\" data-end=\"758\">#Cr\u00e8ditDeS\u00edntesi #ESO1 #SortidaEducativa #Astronomia #MasPortal #ObservatoriCOU #Aprendre\u00c9sUnaAventura<\/p>\n","protected":false},"excerpt":{"rendered":"<p>\ud83d\udcf8\u2728 La setmana passada, l\u2019alumnat de 1r d\u2019ESO va viure una experi\u00e8ncia inoblidable! Durant tres dies van estar a la casa de col\u00f2nies Mas Portal d\u2019\u00c0ger per realitzar el seu cr\u00e8dit de s\u00edntesi, treballant l\u2019univers d\u2019una manera ben especial. \ud83c\udf0c\ud83d\ude80<br \/>\nUn dels moments m\u00e9s destacats va&hellip;  <a href=\"https:\/\/agora.xtec.cat\/iesalmenar\/noticies\/explorant-lunivers-des-dager-%f0%9f%8c%8c\/\" title=\"Read Explorant l&#8217;univers des d&#8217;\u00c0ger! \ud83c\udf0c\">Llegeix m\u00e9s\u00bb<\/a><\/p>\n","protected":false},"author":1,"featured_media":5542,"comment_status":"open","ping_status":"closed","sticky":false,"template":"","format":"standard","meta":{"_bbp_topic_count":0,"_bbp_reply_count":0,"_bbp_total_topic_count":0,"_bbp_total_reply_count":0,"_bbp_voice_count":0,"_bbp_anonymous_reply_count":0,"_bbp_topic_count_hidden":0,"_bbp_reply_count_hidden":0,"_bbp_forum_subforum_count":0,"footnotes":""},"categories":[262],"tags":[],"class_list":["post-5541","post","type-post","status-publish","format-standard","has-post-thumbnail","hentry","category-noticies"],"post_mailing_queue_ids":[],"_links":{"self":[{"href":"https:\/\/agora.xtec.cat\/iesalmenar\/wp-json\/wp\/v2\/posts\/5541","targetHints":{"allow":["GET"]}}],"collection":[{"href":"https:\/\/agora.xtec.cat\/iesalmenar\/wp-json\/wp\/v2\/posts"}],"about":[{"href":"https:\/\/agora.xtec.cat\/iesalmenar\/wp-json\/wp\/v2\/types\/post"}],"author":[{"embeddable":true,"href":"https:\/\/agora.xtec.cat\/iesalmenar\/wp-json\/wp\/v2\/users\/1"}],"replies":[{"embeddable":true,"href":"https:\/\/agora.xtec.cat\/iesalmenar\/wp-json\/wp\/v2\/comments?post=5541"}],"version-history":[{"count":1,"href":"https:\/\/agora.xtec.cat\/iesalmenar\/wp-json\/wp\/v2\/posts\/5541\/revisions"}],"predecessor-version":[{"id":5543,"href":"https:\/\/agora.xtec.cat\/iesalmenar\/wp-json\/wp\/v2\/posts\/5541\/revisions\/5543"}],"wp:featuredmedia":[{"embeddable":true,"href":"https:\/\/agora.xtec.cat\/iesalmenar\/wp-json\/wp\/v2\/media\/5542"}],"wp:attachment":[{"href":"https:\/\/agora.xtec.cat\/iesalmenar\/wp-json\/wp\/v2\/media?parent=5541"}],"wp:term":[{"taxonomy":"category","embeddable":true,"href":"https:\/\/agora.xtec.cat\/iesalmenar\/wp-json\/wp\/v2\/categories?post=5541"},{"taxonomy":"post_tag","embeddable":true,"href":"https:\/\/agora.xtec.cat\/iesalmenar\/wp-json\/wp\/v2\/tags?post=5541"}],"curies":[{"name":"wp","href":"https:\/\/api.w.org\/{rel}","templated":true}]}}