{"id":5532,"date":"2025-05-13T14:30:50","date_gmt":"2025-05-13T12:30:50","guid":{"rendered":"https:\/\/agora.xtec.cat\/iesalmenar\/?p=5532"},"modified":"2025-05-12T19:34:27","modified_gmt":"2025-05-12T17:34:27","slug":"80-anys-de-memoria-lins-almenar-a-mauthausen","status":"publish","type":"post","link":"https:\/\/agora.xtec.cat\/iesalmenar\/noticies\/80-anys-de-memoria-lins-almenar-a-mauthausen\/","title":{"rendered":"80 anys de Mem\u00f2ria: l\u2019INS Almenar a Mauthausen"},"content":{"rendered":"<p class=\"\" data-start=\"142\" data-end=\"323\">\ud83d\udd4a\ufe0f <strong data-start=\"146\" data-end=\"162\">Xavier Ganau<\/strong>, alumne de 1r de batxillerat, ha participat als actes de commemoraci\u00f3 del <strong data-start=\"237\" data-end=\"322\">80\u00e8 aniversari de l\u2019alliberament del camp de concentraci\u00f3 de Mauthausen (\u00c0ustria)<\/strong>.<\/p>\n<p class=\"\" data-start=\"325\" data-end=\"620\">El viatge forma part del projecte compartit de <strong data-start=\"372\" data-end=\"393\">mem\u00f2ria hist\u00f2rica<\/strong> que impulsem des de l\u2019<strong data-start=\"416\" data-end=\"431\">INS Almenar<\/strong>, conjuntament amb set centres educatius m\u00e9s de Ponent. Una experi\u00e8ncia transformadora que connecta el passat amb el present i ens ajuda a transmetre valors fonamentals als nostres alumnes.<\/p>\n<p class=\"\" data-start=\"622\" data-end=\"719\">Gr\u00e0cies a la <strong data-start=\"635\" data-end=\"655\">Paeria d\u2019Almenar<\/strong> pel seu suport i comprom\u00eds amb aquesta iniciativa educativa. \ud83d\ude4c<\/p>\n<p class=\"\" data-start=\"721\" data-end=\"809\">#INSAlmenar #Mem\u00f2riaHist\u00f2rica #Mauthausen #Educaci\u00f3AmbValors #80AnysAlliberament #MaiM\u00e9s<\/p>\n","protected":false},"excerpt":{"rendered":"<p>\ud83d\udd4a\ufe0f Xavier Ganau, alumne de 1r de batxillerat, ha participat als actes de commemoraci\u00f3 del 80\u00e8 aniversari de l\u2019alliberament del camp de concentraci\u00f3 de Mauthausen (\u00c0ustria).<br \/>\nEl viatge forma part del projecte compartit de mem\u00f2ria hist\u00f2rica que impulsem des de l\u2019INS Almenar, conjuntament amb set centres&hellip;  <a href=\"https:\/\/agora.xtec.cat\/iesalmenar\/noticies\/80-anys-de-memoria-lins-almenar-a-mauthausen\/\" title=\"Read 80 anys de Mem\u00f2ria: l\u2019INS Almenar a Mauthausen\">Llegeix m\u00e9s\u00bb<\/a><\/p>\n","protected":false},"author":1,"featured_media":5533,"comment_status":"open","ping_status":"closed","sticky":false,"template":"","format":"standard","meta":{"_bbp_topic_count":0,"_bbp_reply_count":0,"_bbp_total_topic_count":0,"_bbp_total_reply_count":0,"_bbp_voice_count":0,"_bbp_anonymous_reply_count":0,"_bbp_topic_count_hidden":0,"_bbp_reply_count_hidden":0,"_bbp_forum_subforum_count":0,"footnotes":""},"categories":[262],"tags":[],"class_list":["post-5532","post","type-post","status-publish","format-standard","has-post-thumbnail","hentry","category-noticies"],"post_mailing_queue_ids":[],"_links":{"self":[{"href":"https:\/\/agora.xtec.cat\/iesalmenar\/wp-json\/wp\/v2\/posts\/5532","targetHints":{"allow":["GET"]}}],"collection":[{"href":"https:\/\/agora.xtec.cat\/iesalmenar\/wp-json\/wp\/v2\/posts"}],"about":[{"href":"https:\/\/agora.xtec.cat\/iesalmenar\/wp-json\/wp\/v2\/types\/post"}],"author":[{"embeddable":true,"href":"https:\/\/agora.xtec.cat\/iesalmenar\/wp-json\/wp\/v2\/users\/1"}],"replies":[{"embeddable":true,"href":"https:\/\/agora.xtec.cat\/iesalmenar\/wp-json\/wp\/v2\/comments?post=5532"}],"version-history":[{"count":1,"href":"https:\/\/agora.xtec.cat\/iesalmenar\/wp-json\/wp\/v2\/posts\/5532\/revisions"}],"predecessor-version":[{"id":5534,"href":"https:\/\/agora.xtec.cat\/iesalmenar\/wp-json\/wp\/v2\/posts\/5532\/revisions\/5534"}],"wp:featuredmedia":[{"embeddable":true,"href":"https:\/\/agora.xtec.cat\/iesalmenar\/wp-json\/wp\/v2\/media\/5533"}],"wp:attachment":[{"href":"https:\/\/agora.xtec.cat\/iesalmenar\/wp-json\/wp\/v2\/media?parent=5532"}],"wp:term":[{"taxonomy":"category","embeddable":true,"href":"https:\/\/agora.xtec.cat\/iesalmenar\/wp-json\/wp\/v2\/categories?post=5532"},{"taxonomy":"post_tag","embeddable":true,"href":"https:\/\/agora.xtec.cat\/iesalmenar\/wp-json\/wp\/v2\/tags?post=5532"}],"curies":[{"name":"wp","href":"https:\/\/api.w.org\/{rel}","templated":true}]}}