{"id":5529,"date":"2025-05-14T09:00:55","date_gmt":"2025-05-14T07:00:55","guid":{"rendered":"https:\/\/agora.xtec.cat\/iesalmenar\/?p=5529"},"modified":"2025-05-12T19:30:14","modified_gmt":"2025-05-12T17:30:14","slug":"%f0%9f%8e%93-futur-en-accio-%f0%9f%92%bc","status":"publish","type":"post","link":"https:\/\/agora.xtec.cat\/iesalmenar\/noticies\/%f0%9f%8e%93-futur-en-accio-%f0%9f%92%bc\/","title":{"rendered":"\ud83c\udf93 Futur en acci\u00f3! \ud83d\udcbc"},"content":{"rendered":"<p class=\"\" data-start=\"111\" data-end=\"303\">L&#8217;alumnat de 4t d\u2019ESO ha participat en la 2a edici\u00f3 de <strong data-start=\"166\" data-end=\"224\">&#8220;Futur en acci\u00f3: jornada d&#8217;alternatives professionals&#8221;<\/strong>, organitzada per la Regidoria de Promoci\u00f3 Econ\u00f2mica de l&#8217;Ajuntament d&#8217;Almenar.<\/p>\n<p class=\"\" data-start=\"305\" data-end=\"561\">\ud83d\udd39 Empresaris i professionals del territori van compartir la seva traject\u00f2ria i experi\u00e8ncies en una interessant taula rodona.<br data-start=\"430\" data-end=\"433\" \/><br \/>\n\ud83d\udd39 L&#8217;alumnat tamb\u00e9 va gaudir de tallers de <strong data-start=\"476\" data-end=\"496\">treball en equip<\/strong> i <strong data-start=\"499\" data-end=\"514\">creativitat<\/strong>, fomentant habilitats essencials per al futur.<\/p>\n<p class=\"\" data-start=\"563\" data-end=\"682\">Una jornada molt enriquidora per con\u00e8ixer noves oportunitats i inspirar-se per als camins professionals que vindran! \ud83d\ude4c<\/p>\n<p class=\"\" data-start=\"684\" data-end=\"759\">#FuturEnAcci\u00f3 #AlumnatAmbFutur #Educaci\u00f3Almenar #JornadaProfessional #4tESO<\/p>\n","protected":false},"excerpt":{"rendered":"<p>L&#8217;alumnat de 4t d\u2019ESO ha participat en la 2a edici\u00f3 de &#8220;Futur en acci\u00f3: jornada d&#8217;alternatives professionals&#8221;, organitzada per la Regidoria de Promoci\u00f3 Econ\u00f2mica de l&#8217;Ajuntament d&#8217;Almenar.<br \/>\n\ud83d\udd39 Empresaris i professionals del territori van compartir la seva traject\u00f2ria i experi\u00e8ncies en una interessant taula rodona.<br \/>\n\ud83d\udd39 L&#8217;alumnat&hellip;  <a href=\"https:\/\/agora.xtec.cat\/iesalmenar\/noticies\/%f0%9f%8e%93-futur-en-accio-%f0%9f%92%bc\/\" title=\"Read \ud83c\udf93 Futur en acci\u00f3! \ud83d\udcbc\">Llegeix m\u00e9s\u00bb<\/a><\/p>\n","protected":false},"author":1,"featured_media":5530,"comment_status":"open","ping_status":"closed","sticky":false,"template":"","format":"standard","meta":{"_bbp_topic_count":0,"_bbp_reply_count":0,"_bbp_total_topic_count":0,"_bbp_total_reply_count":0,"_bbp_voice_count":0,"_bbp_anonymous_reply_count":0,"_bbp_topic_count_hidden":0,"_bbp_reply_count_hidden":0,"_bbp_forum_subforum_count":0,"footnotes":""},"categories":[262],"tags":[],"class_list":["post-5529","post","type-post","status-publish","format-standard","has-post-thumbnail","hentry","category-noticies"],"post_mailing_queue_ids":[],"_links":{"self":[{"href":"https:\/\/agora.xtec.cat\/iesalmenar\/wp-json\/wp\/v2\/posts\/5529","targetHints":{"allow":["GET"]}}],"collection":[{"href":"https:\/\/agora.xtec.cat\/iesalmenar\/wp-json\/wp\/v2\/posts"}],"about":[{"href":"https:\/\/agora.xtec.cat\/iesalmenar\/wp-json\/wp\/v2\/types\/post"}],"author":[{"embeddable":true,"href":"https:\/\/agora.xtec.cat\/iesalmenar\/wp-json\/wp\/v2\/users\/1"}],"replies":[{"embeddable":true,"href":"https:\/\/agora.xtec.cat\/iesalmenar\/wp-json\/wp\/v2\/comments?post=5529"}],"version-history":[{"count":1,"href":"https:\/\/agora.xtec.cat\/iesalmenar\/wp-json\/wp\/v2\/posts\/5529\/revisions"}],"predecessor-version":[{"id":5531,"href":"https:\/\/agora.xtec.cat\/iesalmenar\/wp-json\/wp\/v2\/posts\/5529\/revisions\/5531"}],"wp:featuredmedia":[{"embeddable":true,"href":"https:\/\/agora.xtec.cat\/iesalmenar\/wp-json\/wp\/v2\/media\/5530"}],"wp:attachment":[{"href":"https:\/\/agora.xtec.cat\/iesalmenar\/wp-json\/wp\/v2\/media?parent=5529"}],"wp:term":[{"taxonomy":"category","embeddable":true,"href":"https:\/\/agora.xtec.cat\/iesalmenar\/wp-json\/wp\/v2\/categories?post=5529"},{"taxonomy":"post_tag","embeddable":true,"href":"https:\/\/agora.xtec.cat\/iesalmenar\/wp-json\/wp\/v2\/tags?post=5529"}],"curies":[{"name":"wp","href":"https:\/\/api.w.org\/{rel}","templated":true}]}}