{"id":5516,"date":"2025-05-12T09:00:03","date_gmt":"2025-05-12T07:00:03","guid":{"rendered":"https:\/\/agora.xtec.cat\/iesalmenar\/?p=5516"},"modified":"2025-05-12T14:00:35","modified_gmt":"2025-05-12T12:00:35","slug":"%f0%9f%a6%89-projecte-de-reintroduccio-dolibes-a-linstitut-dalmenar","status":"publish","type":"post","link":"https:\/\/agora.xtec.cat\/iesalmenar\/noticies\/%f0%9f%a6%89-projecte-de-reintroduccio-dolibes-a-linstitut-dalmenar\/","title":{"rendered":"\ud83e\udd89 Projecte de reintroducci\u00f3 d\u2019\u00f2libes a l\u2019Institut d\u2019Almenar"},"content":{"rendered":"<h3 class=\"\" data-start=\"140\" data-end=\"204\">\ud83e\udd89 Projecte de reintroducci\u00f3 d\u2019\u00f2libes a l\u2019Institut d\u2019Almenar<\/h3>\n<p class=\"\" data-start=\"206\" data-end=\"385\">Aquest curs hem tingut l\u2019oportunitat de participar en un projecte molt especial i enriquidor: la cura i reintroducci\u00f3 de dues cries d\u2019\u00f2liba (<em data-start=\"347\" data-end=\"358\">Tyto alba<\/em>) al nostre entorn natural.<\/p>\n<p class=\"\" data-start=\"387\" data-end=\"873\">Gr\u00e0cies a la col\u00b7laboraci\u00f3 amb el <strong data-start=\"421\" data-end=\"469\">Centre de Recuperaci\u00f3 de Fauna de Vallcalent<\/strong> (Lleida), que pertany al <strong data-start=\"495\" data-end=\"587\">Departament d\u2019Acci\u00f3 Clim\u00e0tica, Alimentaci\u00f3 i Agenda Rural de la Generalitat de Catalunya<\/strong>, hem pogut acollir dues \u00f2libes mitjan\u00e7ant la t\u00e8cnica del <em data-start=\"645\" data-end=\"654\">hacking<\/em>. Aquest m\u00e8tode consisteix a criar aus en estat de semillibertat, col\u00b7locant-les en una caixa niu que simula el seu entorn natural i alimentant-les artificialment fins que s\u00f3n capaces de desenvolupar-se per si mateixes.<\/p>\n<p class=\"\" data-start=\"875\" data-end=\"1042\">Un grup de voluntaris i volunt\u00e0ries de diversos cursos s\u2019ha encarregat di\u00e0riament de proporcionar aliment i fer-ne el seguiment, amb molta responsabilitat i comprom\u00eds.<\/p>\n<p class=\"\" data-start=\"1044\" data-end=\"1276\">\ud83d\udd39 <strong data-start=\"1047\" data-end=\"1074\">Objectius del projecte:<\/strong><br data-start=\"1074\" data-end=\"1077\" \/><br \/>\n\u2013 Recuperar les poblacions d\u2019\u00f2liba, una esp\u00e8cie en regressi\u00f3.<br data-start=\"1138\" data-end=\"1141\" \/><br \/>\n\u2013 Contribuir al control biol\u00f2gic de plagues de petits rosegadors.<br data-start=\"1206\" data-end=\"1209\" \/><br \/>\n\u2013 Fomentar el respecte per la biodiversitat i l\u2019educaci\u00f3 ambiental.<\/p>\n<p class=\"\" data-start=\"1278\" data-end=\"1466\">Aquestes dues \u00f2libes, un cop completat el proc\u00e9s d\u2019adaptaci\u00f3, han estat capaces d\u2019integrar-se de manera aut\u00f2noma al medi natural i formar part de l\u2019equilibri ecol\u00f2gic del nostre territori.<\/p>\n<p class=\"\" data-start=\"1468\" data-end=\"1553\">\ud83d\udcf8 A continuaci\u00f3, us mostrem algunes imatges del proc\u00e9s de creixement i alliberament:<\/p>\n<p class=\"\" data-start=\"1555\" data-end=\"1582\"><a href=\"https:\/\/agora.xtec.cat\/iesalmenar\/wp-content\/uploads\/usu784\/2025\/05\/PHOTO-2025-03-20-10-34-40.jpg\"><img loading=\"lazy\" decoding=\"async\" class=\"size-medium wp-image-5519 alignleft\" src=\"https:\/\/agora.xtec.cat\/iesalmenar\/wp-content\/uploads\/usu784\/2025\/05\/PHOTO-2025-03-20-10-34-40-169x300.jpg\" alt=\"\" width=\"169\" height=\"300\" srcset=\"https:\/\/agora.xtec.cat\/iesalmenar\/wp-content\/uploads\/usu784\/2025\/05\/PHOTO-2025-03-20-10-34-40-169x300.jpg 169w, https:\/\/agora.xtec.cat\/iesalmenar\/wp-content\/uploads\/usu784\/2025\/05\/PHOTO-2025-03-20-10-34-40-576x1024.jpg 576w, https:\/\/agora.xtec.cat\/iesalmenar\/wp-content\/uploads\/usu784\/2025\/05\/PHOTO-2025-03-20-10-34-40-84x150.jpg 84w, https:\/\/agora.xtec.cat\/iesalmenar\/wp-content\/uploads\/usu784\/2025\/05\/PHOTO-2025-03-20-10-34-40-768x1365.jpg 768w, https:\/\/agora.xtec.cat\/iesalmenar\/wp-content\/uploads\/usu784\/2025\/05\/PHOTO-2025-03-20-10-34-40-864x1536.jpg 864w, https:\/\/agora.xtec.cat\/iesalmenar\/wp-content\/uploads\/usu784\/2025\/05\/PHOTO-2025-03-20-10-34-40.jpg 1080w\" sizes=\"auto, (max-width: 169px) 100vw, 169px\" \/><\/a><a href=\"https:\/\/agora.xtec.cat\/iesalmenar\/wp-content\/uploads\/usu784\/2025\/05\/PHOTO-2025-04-04-15-36-29.jpg\"><img loading=\"lazy\" decoding=\"async\" class=\"size-medium wp-image-5517 alignleft\" src=\"https:\/\/agora.xtec.cat\/iesalmenar\/wp-content\/uploads\/usu784\/2025\/05\/PHOTO-2025-04-04-15-36-29-225x300.jpg\" alt=\"\" width=\"225\" height=\"300\" \/><\/a> <a href=\"https:\/\/agora.xtec.cat\/iesalmenar\/wp-content\/uploads\/usu784\/2025\/05\/PHOTO-2025-04-11-10-51-12.jpg\"><img loading=\"lazy\" decoding=\"async\" class=\"size-medium wp-image-5518 alignleft\" src=\"https:\/\/agora.xtec.cat\/iesalmenar\/wp-content\/uploads\/usu784\/2025\/05\/PHOTO-2025-04-11-10-51-12-225x300.jpg\" alt=\"\" width=\"225\" height=\"300\" srcset=\"https:\/\/agora.xtec.cat\/iesalmenar\/wp-content\/uploads\/usu784\/2025\/05\/PHOTO-2025-04-11-10-51-12-225x300.jpg 225w, https:\/\/agora.xtec.cat\/iesalmenar\/wp-content\/uploads\/usu784\/2025\/05\/PHOTO-2025-04-11-10-51-12-768x1024.jpg 768w, https:\/\/agora.xtec.cat\/iesalmenar\/wp-content\/uploads\/usu784\/2025\/05\/PHOTO-2025-04-11-10-51-12-113x150.jpg 113w, https:\/\/agora.xtec.cat\/iesalmenar\/wp-content\/uploads\/usu784\/2025\/05\/PHOTO-2025-04-11-10-51-12-1152x1536.jpg 1152w, https:\/\/agora.xtec.cat\/iesalmenar\/wp-content\/uploads\/usu784\/2025\/05\/PHOTO-2025-04-11-10-51-12.jpg 1200w\" sizes=\"auto, (max-width: 225px) 100vw, 225px\" \/><\/a><\/p>\n<p class=\"\" data-start=\"1584\" data-end=\"1764\">Des de l\u2019Institut d\u2019Almenar estem molt orgullosos d\u2019haver format part d\u2019aquest projecte, que combina ci\u00e8ncia, natura i educaci\u00f3. Continuarem treballant per un futur m\u00e9s sostenible!<\/p>\n","protected":false},"excerpt":{"rendered":"<p>\ud83e\udd89 Projecte de reintroducci\u00f3 d\u2019\u00f2libes a l\u2019Institut d\u2019Almenar<br \/>\nAquest curs hem tingut l\u2019oportunitat de participar en un projecte molt especial i enriquidor: la cura i reintroducci\u00f3 de dues cries d\u2019\u00f2liba (Tyto alba) al nostre entorn natural.<br \/>\nGr\u00e0cies a la col\u00b7laboraci\u00f3 amb el Centre de Recuperaci\u00f3 de Fauna&hellip;  <a href=\"https:\/\/agora.xtec.cat\/iesalmenar\/noticies\/%f0%9f%a6%89-projecte-de-reintroduccio-dolibes-a-linstitut-dalmenar\/\" title=\"Read \ud83e\udd89 Projecte de reintroducci\u00f3 d\u2019\u00f2libes a l\u2019Institut d\u2019Almenar\">Llegeix m\u00e9s\u00bb<\/a><\/p>\n","protected":false},"author":1,"featured_media":5517,"comment_status":"open","ping_status":"closed","sticky":false,"template":"","format":"standard","meta":{"_bbp_topic_count":0,"_bbp_reply_count":0,"_bbp_total_topic_count":0,"_bbp_total_reply_count":0,"_bbp_voice_count":0,"_bbp_anonymous_reply_count":0,"_bbp_topic_count_hidden":0,"_bbp_reply_count_hidden":0,"_bbp_forum_subforum_count":0,"footnotes":""},"categories":[262],"tags":[],"class_list":["post-5516","post","type-post","status-publish","format-standard","has-post-thumbnail","hentry","category-noticies"],"post_mailing_queue_ids":[],"_links":{"self":[{"href":"https:\/\/agora.xtec.cat\/iesalmenar\/wp-json\/wp\/v2\/posts\/5516","targetHints":{"allow":["GET"]}}],"collection":[{"href":"https:\/\/agora.xtec.cat\/iesalmenar\/wp-json\/wp\/v2\/posts"}],"about":[{"href":"https:\/\/agora.xtec.cat\/iesalmenar\/wp-json\/wp\/v2\/types\/post"}],"author":[{"embeddable":true,"href":"https:\/\/agora.xtec.cat\/iesalmenar\/wp-json\/wp\/v2\/users\/1"}],"replies":[{"embeddable":true,"href":"https:\/\/agora.xtec.cat\/iesalmenar\/wp-json\/wp\/v2\/comments?post=5516"}],"version-history":[{"count":2,"href":"https:\/\/agora.xtec.cat\/iesalmenar\/wp-json\/wp\/v2\/posts\/5516\/revisions"}],"predecessor-version":[{"id":5521,"href":"https:\/\/agora.xtec.cat\/iesalmenar\/wp-json\/wp\/v2\/posts\/5516\/revisions\/5521"}],"wp:featuredmedia":[{"embeddable":true,"href":"https:\/\/agora.xtec.cat\/iesalmenar\/wp-json\/wp\/v2\/media\/5517"}],"wp:attachment":[{"href":"https:\/\/agora.xtec.cat\/iesalmenar\/wp-json\/wp\/v2\/media?parent=5516"}],"wp:term":[{"taxonomy":"category","embeddable":true,"href":"https:\/\/agora.xtec.cat\/iesalmenar\/wp-json\/wp\/v2\/categories?post=5516"},{"taxonomy":"post_tag","embeddable":true,"href":"https:\/\/agora.xtec.cat\/iesalmenar\/wp-json\/wp\/v2\/tags?post=5516"}],"curies":[{"name":"wp","href":"https:\/\/api.w.org\/{rel}","templated":true}]}}