{"id":5513,"date":"2025-05-08T11:23:43","date_gmt":"2025-05-08T09:23:43","guid":{"rendered":"https:\/\/agora.xtec.cat\/iesalmenar\/?p=5513"},"modified":"2026-03-26T13:43:03","modified_gmt":"2026-03-26T12:43:03","slug":"preinscripcio-escolar-al-grau-mitja-de-formacio-professional","status":"publish","type":"post","link":"https:\/\/agora.xtec.cat\/iesalmenar\/noticies\/preinscripcio-escolar-al-grau-mitja-de-formacio-professional\/","title":{"rendered":"Preinscripci\u00f3 escolar al grau mitj\u00e0 de formaci\u00f3 professional"},"content":{"rendered":"<p>El per\u00edode d&#8217;inscripci\u00f3 a<strong> cicles formatius de grau mitj\u00e0 <\/strong>s&#8217;obre\u00a0<strong>del 26 de maig a l&#8217;1 de juny de 2026<\/strong>\u00a0i caldr\u00e0 adjuntar-hi la documentaci\u00f3 que correspongui.\u00a0<\/p>\n<p><a href=\"https:\/\/agora.xtec.cat\/iesalmenar\/wp-content\/uploads\/usu784\/2025\/05\/dates_CCFF.png\"><img loading=\"lazy\" decoding=\"async\" class=\"aligncenter size-full wp-image-5952\" src=\"https:\/\/agora.xtec.cat\/iesalmenar\/wp-content\/uploads\/usu784\/2025\/05\/dates_CCFF.png\" alt=\"\" width=\"1239\" height=\"684\" srcset=\"https:\/\/agora.xtec.cat\/iesalmenar\/wp-content\/uploads\/usu784\/2025\/05\/dates_CCFF.png 1239w, https:\/\/agora.xtec.cat\/iesalmenar\/wp-content\/uploads\/usu784\/2025\/05\/dates_CCFF-300x166.png 300w, https:\/\/agora.xtec.cat\/iesalmenar\/wp-content\/uploads\/usu784\/2025\/05\/dates_CCFF-1024x565.png 1024w, https:\/\/agora.xtec.cat\/iesalmenar\/wp-content\/uploads\/usu784\/2025\/05\/dates_CCFF-150x83.png 150w, https:\/\/agora.xtec.cat\/iesalmenar\/wp-content\/uploads\/usu784\/2025\/05\/dates_CCFF-768x424.png 768w\" sizes=\"auto, (max-width: 1239px) 100vw, 1239px\" \/><\/a><\/p>\n<p>Disposeu de tota la informaci\u00f3 en el seg\u00fcent <a href=\"https:\/\/preinscripcio.gencat.cat\/ca\/estudis\/fp-grau-mitja\/inici\/index.html\" target=\"_blank\" rel=\"noopener\">ENLLA\u00c7<\/a><\/p>\n","protected":false},"excerpt":{"rendered":"<p>El per\u00edode d&#8217;inscripci\u00f3 a cicles formatius de grau mitj\u00e0 s&#8217;obre\u00a0del 26 de maig a l&#8217;1 de juny de 2026\u00a0i caldr\u00e0 adjuntar-hi la documentaci\u00f3 que correspongui.\u00a0<br \/>\n<a href=\"https:\/\/agora.xtec.cat\/iesalmenar\/wp-content\/uploads\/usu784\/2025\/05\/dates_CCFF.png\"><\/a><br \/>\nDisposeu de tota la informaci\u00f3 en el seg\u00fcent <a href=\"https:\/\/preinscripcio.gencat.cat\/ca\/estudis\/fp-grau-mitja\/inici\/index.html\" target=\"_blank\" rel=\"noopener\">ENLLA\u00c7<\/a><\/p>\n","protected":false},"author":1,"featured_media":5949,"comment_status":"open","ping_status":"closed","sticky":false,"template":"","format":"standard","meta":{"_bbp_topic_count":0,"_bbp_reply_count":0,"_bbp_total_topic_count":0,"_bbp_total_reply_count":0,"_bbp_voice_count":0,"_bbp_anonymous_reply_count":0,"_bbp_topic_count_hidden":0,"_bbp_reply_count_hidden":0,"_bbp_forum_subforum_count":0,"footnotes":""},"categories":[262],"tags":[],"class_list":["post-5513","post","type-post","status-publish","format-standard","has-post-thumbnail","hentry","category-noticies"],"post_mailing_queue_ids":[],"_links":{"self":[{"href":"https:\/\/agora.xtec.cat\/iesalmenar\/wp-json\/wp\/v2\/posts\/5513","targetHints":{"allow":["GET"]}}],"collection":[{"href":"https:\/\/agora.xtec.cat\/iesalmenar\/wp-json\/wp\/v2\/posts"}],"about":[{"href":"https:\/\/agora.xtec.cat\/iesalmenar\/wp-json\/wp\/v2\/types\/post"}],"author":[{"embeddable":true,"href":"https:\/\/agora.xtec.cat\/iesalmenar\/wp-json\/wp\/v2\/users\/1"}],"replies":[{"embeddable":true,"href":"https:\/\/agora.xtec.cat\/iesalmenar\/wp-json\/wp\/v2\/comments?post=5513"}],"version-history":[{"count":3,"href":"https:\/\/agora.xtec.cat\/iesalmenar\/wp-json\/wp\/v2\/posts\/5513\/revisions"}],"predecessor-version":[{"id":5951,"href":"https:\/\/agora.xtec.cat\/iesalmenar\/wp-json\/wp\/v2\/posts\/5513\/revisions\/5951"}],"wp:featuredmedia":[{"embeddable":true,"href":"https:\/\/agora.xtec.cat\/iesalmenar\/wp-json\/wp\/v2\/media\/5949"}],"wp:attachment":[{"href":"https:\/\/agora.xtec.cat\/iesalmenar\/wp-json\/wp\/v2\/media?parent=5513"}],"wp:term":[{"taxonomy":"category","embeddable":true,"href":"https:\/\/agora.xtec.cat\/iesalmenar\/wp-json\/wp\/v2\/categories?post=5513"},{"taxonomy":"post_tag","embeddable":true,"href":"https:\/\/agora.xtec.cat\/iesalmenar\/wp-json\/wp\/v2\/tags?post=5513"}],"curies":[{"name":"wp","href":"https:\/\/api.w.org\/{rel}","templated":true}]}}