{"id":5509,"date":"2025-05-07T12:29:24","date_gmt":"2025-05-07T10:29:24","guid":{"rendered":"https:\/\/agora.xtec.cat\/iesalmenar\/?p=5509"},"modified":"2025-05-07T12:29:44","modified_gmt":"2025-05-07T10:29:44","slug":"%f0%9f%8e%92-sortida-educativa-a-tarragona","status":"publish","type":"post","link":"https:\/\/agora.xtec.cat\/iesalmenar\/noticies\/%f0%9f%8e%92-sortida-educativa-a-tarragona\/","title":{"rendered":"\ud83c\udf92 Sortida educativa a Tarragona!"},"content":{"rendered":"<p class=\"\" data-start=\"80\" data-end=\"218\">L\u2019alumnat de 1r de Batxillerat i 2n de CFGM ha gaudit d\u2019una jornada molt enriquidora a Tarragona. \ud83d\udccd<\/p>\n<p class=\"\" data-start=\"220\" data-end=\"459\">Hem visitat el Port de Tarragona, descobrint el seu funcionament i import\u00e0ncia log\u00edstica, el Museu del Port, on hem aprofundit en la seva hist\u00f2ria, i la f\u00e0brica qu\u00edmica BASF, on hem conegut de primera m\u00e0 el m\u00f3n de la ind\u00fastria qu\u00edmica. \u2693\ud83c\udfed<\/p>\n<p class=\"\" data-start=\"461\" data-end=\"552\">Una experi\u00e8ncia que ens ha perm\u00e8s aprendre fora de l\u2019aula i connectar teoria i pr\u00e0ctica! \ud83d\udca1<\/p>\n<p class=\"\" data-start=\"554\" data-end=\"643\">#SortidaEducativa #Batxillerat #CFGM #Tarragona #PortDeTarragona #BASF #AprenentatgeActiu<\/p>\n","protected":false},"excerpt":{"rendered":"<p>L\u2019alumnat de 1r de Batxillerat i 2n de CFGM ha gaudit d\u2019una jornada molt enriquidora a Tarragona. \ud83d\udccd<br \/>\nHem visitat el Port de Tarragona, descobrint el seu funcionament i import\u00e0ncia log\u00edstica, el Museu del Port, on hem aprofundit en la seva hist\u00f2ria, i la f\u00e0brica qu\u00edmica&hellip;  <a href=\"https:\/\/agora.xtec.cat\/iesalmenar\/noticies\/%f0%9f%8e%92-sortida-educativa-a-tarragona\/\" title=\"Read \ud83c\udf92 Sortida educativa a Tarragona!\">Llegeix m\u00e9s\u00bb<\/a><\/p>\n","protected":false},"author":1,"featured_media":5510,"comment_status":"open","ping_status":"closed","sticky":false,"template":"","format":"standard","meta":{"_bbp_topic_count":0,"_bbp_reply_count":0,"_bbp_total_topic_count":0,"_bbp_total_reply_count":0,"_bbp_voice_count":0,"_bbp_anonymous_reply_count":0,"_bbp_topic_count_hidden":0,"_bbp_reply_count_hidden":0,"_bbp_forum_subforum_count":0,"footnotes":""},"categories":[262],"tags":[],"class_list":["post-5509","post","type-post","status-publish","format-standard","has-post-thumbnail","hentry","category-noticies"],"post_mailing_queue_ids":[],"_links":{"self":[{"href":"https:\/\/agora.xtec.cat\/iesalmenar\/wp-json\/wp\/v2\/posts\/5509","targetHints":{"allow":["GET"]}}],"collection":[{"href":"https:\/\/agora.xtec.cat\/iesalmenar\/wp-json\/wp\/v2\/posts"}],"about":[{"href":"https:\/\/agora.xtec.cat\/iesalmenar\/wp-json\/wp\/v2\/types\/post"}],"author":[{"embeddable":true,"href":"https:\/\/agora.xtec.cat\/iesalmenar\/wp-json\/wp\/v2\/users\/1"}],"replies":[{"embeddable":true,"href":"https:\/\/agora.xtec.cat\/iesalmenar\/wp-json\/wp\/v2\/comments?post=5509"}],"version-history":[{"count":1,"href":"https:\/\/agora.xtec.cat\/iesalmenar\/wp-json\/wp\/v2\/posts\/5509\/revisions"}],"predecessor-version":[{"id":5511,"href":"https:\/\/agora.xtec.cat\/iesalmenar\/wp-json\/wp\/v2\/posts\/5509\/revisions\/5511"}],"wp:featuredmedia":[{"embeddable":true,"href":"https:\/\/agora.xtec.cat\/iesalmenar\/wp-json\/wp\/v2\/media\/5510"}],"wp:attachment":[{"href":"https:\/\/agora.xtec.cat\/iesalmenar\/wp-json\/wp\/v2\/media?parent=5509"}],"wp:term":[{"taxonomy":"category","embeddable":true,"href":"https:\/\/agora.xtec.cat\/iesalmenar\/wp-json\/wp\/v2\/categories?post=5509"},{"taxonomy":"post_tag","embeddable":true,"href":"https:\/\/agora.xtec.cat\/iesalmenar\/wp-json\/wp\/v2\/tags?post=5509"}],"curies":[{"name":"wp","href":"https:\/\/api.w.org\/{rel}","templated":true}]}}