{"id":5480,"date":"2025-04-10T13:25:58","date_gmt":"2025-04-10T11:25:58","guid":{"rendered":"https:\/\/agora.xtec.cat\/iesalmenar\/?p=5480"},"modified":"2025-04-10T13:26:05","modified_gmt":"2025-04-10T11:26:05","slug":"inici-de-les-proves-de-competencies-basiques-2025","status":"publish","type":"post","link":"https:\/\/agora.xtec.cat\/iesalmenar\/noticies\/inici-de-les-proves-de-competencies-basiques-2025\/","title":{"rendered":"Inici de les proves de Compet\u00e8ncies B\u00e0siques 2025"},"content":{"rendered":"<p class=\"\" data-start=\"66\" data-end=\"327\">\ud83d\udccc <em data-start=\"69\" data-end=\"170\">Avui, dijous 10 d\u2019abril, s\u2019inicien les proves de Compet\u00e8ncies B\u00e0siques per a l\u2019alumnat de 4t d\u2019ESO.<\/em><br data-start=\"170\" data-end=\"173\" \/><br \/>\nAquestes proves tenen com a objectiu avaluar els coneixements i habilitats adquirits al llarg de l\u2019etapa de l\u2019ESO en diverses \u00e0rees clau del curr\u00edculum.<\/p>\n<p class=\"\" data-start=\"329\" data-end=\"394\">Desitgem a tots els i les alumnes una bona prova i molt d\u2019encert!<\/p>\n<p class=\"\" data-start=\"396\" data-end=\"457\">#Compet\u00e8nciesB\u00e0siques #4tESO #Educaci\u00f3 #Avaluaci\u00f3 #Curr\u00edculum<\/p>\n","protected":false},"excerpt":{"rendered":"<p>\ud83d\udccc Avui, dijous 10 d\u2019abril, s\u2019inicien les proves de Compet\u00e8ncies B\u00e0siques per a l\u2019alumnat de 4t d\u2019ESO.<br \/>\nAquestes proves tenen com a objectiu avaluar els coneixements i habilitats adquirits al llarg de l\u2019etapa de l\u2019ESO en diverses \u00e0rees clau del curr\u00edculum.<br \/>\nDesitgem a tots els i les&hellip;  <a href=\"https:\/\/agora.xtec.cat\/iesalmenar\/noticies\/inici-de-les-proves-de-competencies-basiques-2025\/\" title=\"Read Inici de les proves de Compet\u00e8ncies B\u00e0siques 2025\">Llegeix m\u00e9s\u00bb<\/a><\/p>\n","protected":false},"author":1,"featured_media":5481,"comment_status":"open","ping_status":"closed","sticky":false,"template":"","format":"standard","meta":{"_bbp_topic_count":0,"_bbp_reply_count":0,"_bbp_total_topic_count":0,"_bbp_total_reply_count":0,"_bbp_voice_count":0,"_bbp_anonymous_reply_count":0,"_bbp_topic_count_hidden":0,"_bbp_reply_count_hidden":0,"_bbp_forum_subforum_count":0,"footnotes":""},"categories":[262],"tags":[],"class_list":["post-5480","post","type-post","status-publish","format-standard","has-post-thumbnail","hentry","category-noticies"],"post_mailing_queue_ids":[],"_links":{"self":[{"href":"https:\/\/agora.xtec.cat\/iesalmenar\/wp-json\/wp\/v2\/posts\/5480","targetHints":{"allow":["GET"]}}],"collection":[{"href":"https:\/\/agora.xtec.cat\/iesalmenar\/wp-json\/wp\/v2\/posts"}],"about":[{"href":"https:\/\/agora.xtec.cat\/iesalmenar\/wp-json\/wp\/v2\/types\/post"}],"author":[{"embeddable":true,"href":"https:\/\/agora.xtec.cat\/iesalmenar\/wp-json\/wp\/v2\/users\/1"}],"replies":[{"embeddable":true,"href":"https:\/\/agora.xtec.cat\/iesalmenar\/wp-json\/wp\/v2\/comments?post=5480"}],"version-history":[{"count":1,"href":"https:\/\/agora.xtec.cat\/iesalmenar\/wp-json\/wp\/v2\/posts\/5480\/revisions"}],"predecessor-version":[{"id":5482,"href":"https:\/\/agora.xtec.cat\/iesalmenar\/wp-json\/wp\/v2\/posts\/5480\/revisions\/5482"}],"wp:featuredmedia":[{"embeddable":true,"href":"https:\/\/agora.xtec.cat\/iesalmenar\/wp-json\/wp\/v2\/media\/5481"}],"wp:attachment":[{"href":"https:\/\/agora.xtec.cat\/iesalmenar\/wp-json\/wp\/v2\/media?parent=5480"}],"wp:term":[{"taxonomy":"category","embeddable":true,"href":"https:\/\/agora.xtec.cat\/iesalmenar\/wp-json\/wp\/v2\/categories?post=5480"},{"taxonomy":"post_tag","embeddable":true,"href":"https:\/\/agora.xtec.cat\/iesalmenar\/wp-json\/wp\/v2\/tags?post=5480"}],"curies":[{"name":"wp","href":"https:\/\/api.w.org\/{rel}","templated":true}]}}