{"id":5409,"date":"2025-03-13T11:34:39","date_gmt":"2025-03-13T10:34:39","guid":{"rendered":"https:\/\/agora.xtec.cat\/iesalmenar\/?p=5409"},"modified":"2026-03-26T13:09:54","modified_gmt":"2026-03-26T12:09:54","slug":"preinscripcio-escolar-a-leducacio-secundaria-obligatoria-eso","status":"publish","type":"post","link":"https:\/\/agora.xtec.cat\/iesalmenar\/noticies\/preinscripcio-escolar-a-leducacio-secundaria-obligatoria-eso\/","title":{"rendered":"Preinscripci\u00f3 escolar a l&#8217;educaci\u00f3 secund\u00e0ria obligat\u00f2ria (ESO)"},"content":{"rendered":"<p>El proc\u00e9s de preinscripci\u00f3 per a l\u2019Educaci\u00f3 Secund\u00e0ria Obligat\u00f2ria (ESO) per al curs 2026-2027 estar\u00e0 obert del 6 al 18 de mar\u00e7 de 2026 (a partir de les 9 hores) i es podr\u00e0 fer de manera telem\u00e0tica a trav\u00e9s del portal oficial de la Generalitat.<\/p>\n<p><a href=\"https:\/\/agora.xtec.cat\/iesalmenar\/wp-content\/uploads\/usu784\/2025\/03\/calendari_preinscripcio_ESO_1024.png\"><img loading=\"lazy\" decoding=\"async\" class=\"aligncenter size-full wp-image-5891\" src=\"https:\/\/agora.xtec.cat\/iesalmenar\/wp-content\/uploads\/usu784\/2025\/03\/calendari_preinscripcio_ESO_1024.png\" alt=\"\" width=\"1024\" height=\"429\" srcset=\"https:\/\/agora.xtec.cat\/iesalmenar\/wp-content\/uploads\/usu784\/2025\/03\/calendari_preinscripcio_ESO_1024.png 1024w, https:\/\/agora.xtec.cat\/iesalmenar\/wp-content\/uploads\/usu784\/2025\/03\/calendari_preinscripcio_ESO_1024-300x126.png 300w, https:\/\/agora.xtec.cat\/iesalmenar\/wp-content\/uploads\/usu784\/2025\/03\/calendari_preinscripcio_ESO_1024-150x63.png 150w, https:\/\/agora.xtec.cat\/iesalmenar\/wp-content\/uploads\/usu784\/2025\/03\/calendari_preinscripcio_ESO_1024-768x322.png 768w\" sizes=\"auto, (max-width: 1024px) 100vw, 1024px\" \/><\/a><\/p>\n<p>Podeu accedir a l&#8217;enlla\u00e7 de les preinscripcions:<\/p>\n<p><a href=\"https:\/\/preinscripcio.gencat.cat\/ca\/estudis\/eso\/inici\/\" target=\"_blank\" rel=\"noopener\">https:\/\/preinscripcio.gencat.cat\/ca\/estudis\/eso\/inici\/index.html<\/a><\/p>\n<p><a title=\"Oferta inicial de places\" href=\"https:\/\/drive.google.com\/file\/d\/1U6aQiFyLU-V1LyTUyMyzygrDsX1ouglG\/view?usp=sharing\" target=\"_blank\" rel=\"noopener\">Oferta inicial de places<\/a><\/p>\n<p>&nbsp;<\/p>\n<p class=\"font-claude-response-body break-words whitespace-normal leading-[1.7]\">Per a una entrada de WordPress, no necessites cap imatge \u2014 pots afegir l&#8217;emoji del meg\u00e0fon directament al text:<\/p>\n<p class=\"font-claude-response-body break-words whitespace-normal leading-[1.7]\">En cas que sorgeixi alguna incid\u00e8ncia, podeu reservar cita pr\u00e8via des del seg\u00fcent <a href=\"https:\/\/calendar.app.google\/XGwKWYoHWf3exwkt6\" target=\"_blank\" rel=\"noopener\">ENLLA\u00c7<\/a>.<\/p>\n","protected":false},"excerpt":{"rendered":"<p>El proc\u00e9s de preinscripci\u00f3 per a l\u2019Educaci\u00f3 Secund\u00e0ria Obligat\u00f2ria (ESO) per al curs 2026-2027 estar\u00e0 obert del 6 al 18 de mar\u00e7 de 2026 (a partir de les 9 hores) i es podr\u00e0 fer de manera telem\u00e0tica a trav\u00e9s del portal oficial de la Generalitat.<br \/>\n<a&hellip;  <a href=\"https:\/\/agora.xtec.cat\/iesalmenar\/noticies\/preinscripcio-escolar-a-leducacio-secundaria-obligatoria-eso\/\" title=\"Read Preinscripci\u00f3 escolar a l&#8217;educaci\u00f3 secund\u00e0ria obligat\u00f2ria (ESO)\">Llegeix m\u00e9s\u00bb<\/a><\/p>\n","protected":false},"author":1,"featured_media":5900,"comment_status":"closed","ping_status":"closed","sticky":false,"template":"","format":"standard","meta":{"_bbp_topic_count":0,"_bbp_reply_count":0,"_bbp_total_topic_count":0,"_bbp_total_reply_count":0,"_bbp_voice_count":0,"_bbp_anonymous_reply_count":0,"_bbp_topic_count_hidden":0,"_bbp_reply_count_hidden":0,"_bbp_forum_subforum_count":0,"footnotes":""},"categories":[262],"tags":[],"class_list":["post-5409","post","type-post","status-publish","format-standard","has-post-thumbnail","hentry","category-noticies"],"post_mailing_queue_ids":[],"_links":{"self":[{"href":"https:\/\/agora.xtec.cat\/iesalmenar\/wp-json\/wp\/v2\/posts\/5409","targetHints":{"allow":["GET"]}}],"collection":[{"href":"https:\/\/agora.xtec.cat\/iesalmenar\/wp-json\/wp\/v2\/posts"}],"about":[{"href":"https:\/\/agora.xtec.cat\/iesalmenar\/wp-json\/wp\/v2\/types\/post"}],"author":[{"embeddable":true,"href":"https:\/\/agora.xtec.cat\/iesalmenar\/wp-json\/wp\/v2\/users\/1"}],"replies":[{"embeddable":true,"href":"https:\/\/agora.xtec.cat\/iesalmenar\/wp-json\/wp\/v2\/comments?post=5409"}],"version-history":[{"count":6,"href":"https:\/\/agora.xtec.cat\/iesalmenar\/wp-json\/wp\/v2\/posts\/5409\/revisions"}],"predecessor-version":[{"id":5904,"href":"https:\/\/agora.xtec.cat\/iesalmenar\/wp-json\/wp\/v2\/posts\/5409\/revisions\/5904"}],"wp:featuredmedia":[{"embeddable":true,"href":"https:\/\/agora.xtec.cat\/iesalmenar\/wp-json\/wp\/v2\/media\/5900"}],"wp:attachment":[{"href":"https:\/\/agora.xtec.cat\/iesalmenar\/wp-json\/wp\/v2\/media?parent=5409"}],"wp:term":[{"taxonomy":"category","embeddable":true,"href":"https:\/\/agora.xtec.cat\/iesalmenar\/wp-json\/wp\/v2\/categories?post=5409"},{"taxonomy":"post_tag","embeddable":true,"href":"https:\/\/agora.xtec.cat\/iesalmenar\/wp-json\/wp\/v2\/tags?post=5409"}],"curies":[{"name":"wp","href":"https:\/\/api.w.org\/{rel}","templated":true}]}}