{"id":5400,"date":"2025-03-07T11:28:47","date_gmt":"2025-03-07T10:28:47","guid":{"rendered":"https:\/\/agora.xtec.cat\/iesalmenar\/?p=5400"},"modified":"2025-03-07T11:28:47","modified_gmt":"2025-03-07T10:28:47","slug":"%f0%9f%9a%b6%e2%99%82%ef%b8%8f-sortida-de-2n-deso-%f0%9f%8f%b0","status":"publish","type":"post","link":"https:\/\/agora.xtec.cat\/iesalmenar\/noticies\/%f0%9f%9a%b6%e2%99%82%ef%b8%8f-sortida-de-2n-deso-%f0%9f%8f%b0\/","title":{"rendered":"\ud83d\udeb6\u200d\u2642\ufe0f Sortida de 2n d&#8217;ESO! \ud83c\udff0"},"content":{"rendered":"<p data-start=\"35\" data-end=\"241\">Els alumnes han gaudit d&#8217;una jornada cultural a Montblanc, visitant el recinte emmurallat, el portal de Sant Jordi (on es diu que va passar la llegenda del drac) i les esgl\u00e9sies de Sant Miquel i Santa Maria.<\/p>\n<p data-start=\"243\" data-end=\"449\">A Poblet, han explorat el monestir cistercenc i han conegut el pante\u00f3 reial de la Corona d&#8217;Arag\u00f3, amb les tombes de reis des de Jaume I fins a Alfons el Magn\u00e0nim. Un dia ple d&#8217;hist\u00f2ria i descobriments! \ud83d\udcdc\ud83d\udc51<\/p>\n<p data-start=\"451\" data-end=\"503\" data-is-last-node=\"\" data-is-only-node=\"\">#SortidaCultural #Montblanc #Poblet #Hist\u00f2ria #2nESO<\/p>\n","protected":false},"excerpt":{"rendered":"<p>Els alumnes han gaudit d&#8217;una jornada cultural a Montblanc, visitant el recinte emmurallat, el portal de Sant Jordi (on es diu que va passar la llegenda del drac) i les esgl\u00e9sies de Sant Miquel i Santa Maria.<br \/>\nA Poblet, han explorat el monestir cistercenc i han&hellip;  <a href=\"https:\/\/agora.xtec.cat\/iesalmenar\/noticies\/%f0%9f%9a%b6%e2%99%82%ef%b8%8f-sortida-de-2n-deso-%f0%9f%8f%b0\/\" title=\"Read \ud83d\udeb6\u200d\u2642\ufe0f Sortida de 2n d&#8217;ESO! \ud83c\udff0\">Llegeix m\u00e9s\u00bb<\/a><\/p>\n","protected":false},"author":1,"featured_media":5401,"comment_status":"open","ping_status":"closed","sticky":false,"template":"","format":"standard","meta":{"_bbp_topic_count":0,"_bbp_reply_count":0,"_bbp_total_topic_count":0,"_bbp_total_reply_count":0,"_bbp_voice_count":0,"_bbp_anonymous_reply_count":0,"_bbp_topic_count_hidden":0,"_bbp_reply_count_hidden":0,"_bbp_forum_subforum_count":0,"footnotes":""},"categories":[262],"tags":[],"class_list":["post-5400","post","type-post","status-publish","format-standard","has-post-thumbnail","hentry","category-noticies"],"post_mailing_queue_ids":[],"_links":{"self":[{"href":"https:\/\/agora.xtec.cat\/iesalmenar\/wp-json\/wp\/v2\/posts\/5400","targetHints":{"allow":["GET"]}}],"collection":[{"href":"https:\/\/agora.xtec.cat\/iesalmenar\/wp-json\/wp\/v2\/posts"}],"about":[{"href":"https:\/\/agora.xtec.cat\/iesalmenar\/wp-json\/wp\/v2\/types\/post"}],"author":[{"embeddable":true,"href":"https:\/\/agora.xtec.cat\/iesalmenar\/wp-json\/wp\/v2\/users\/1"}],"replies":[{"embeddable":true,"href":"https:\/\/agora.xtec.cat\/iesalmenar\/wp-json\/wp\/v2\/comments?post=5400"}],"version-history":[{"count":1,"href":"https:\/\/agora.xtec.cat\/iesalmenar\/wp-json\/wp\/v2\/posts\/5400\/revisions"}],"predecessor-version":[{"id":5402,"href":"https:\/\/agora.xtec.cat\/iesalmenar\/wp-json\/wp\/v2\/posts\/5400\/revisions\/5402"}],"wp:featuredmedia":[{"embeddable":true,"href":"https:\/\/agora.xtec.cat\/iesalmenar\/wp-json\/wp\/v2\/media\/5401"}],"wp:attachment":[{"href":"https:\/\/agora.xtec.cat\/iesalmenar\/wp-json\/wp\/v2\/media?parent=5400"}],"wp:term":[{"taxonomy":"category","embeddable":true,"href":"https:\/\/agora.xtec.cat\/iesalmenar\/wp-json\/wp\/v2\/categories?post=5400"},{"taxonomy":"post_tag","embeddable":true,"href":"https:\/\/agora.xtec.cat\/iesalmenar\/wp-json\/wp\/v2\/tags?post=5400"}],"curies":[{"name":"wp","href":"https:\/\/api.w.org\/{rel}","templated":true}]}}