{"id":5382,"date":"2025-02-28T11:06:33","date_gmt":"2025-02-28T10:06:33","guid":{"rendered":"https:\/\/agora.xtec.cat\/iesalmenar\/?p=5382"},"modified":"2025-02-28T13:06:34","modified_gmt":"2025-02-28T12:06:34","slug":"portes-obertes-2025","status":"publish","type":"post","link":"https:\/\/agora.xtec.cat\/iesalmenar\/noticies\/portes-obertes-2025\/","title":{"rendered":"Portes obertes 2025"},"content":{"rendered":"<div class=\"dad65929\">\n<div class=\"f9bf7997 d7dc56a8 c05b5566\">\n<div class=\"ds-markdown ds-markdown--block\">\n<p>Aquest passat dimecres vam viure una jornada inoblidable amb les <strong>Portes Obertes 2025<\/strong>, un esdeveniment ple d\u2019alegria, il\u00b7lusi\u00f3 i comunitat. \ud83c\udfeb\u2728<\/p>\n<p>Volem agrair a totes les\u00a0<strong>fam\u00edlies<\/strong> que ens vau visitar i que vau fer possible que aquest dia fos tan especial. Gr\u00e0cies per la vostra confian\u00e7a i per compartir aquest moment amb nosaltres. \ud83d\udc96<\/p>\n<p>Els nostres alumnes i professors van preparar activitats, tallers i visites per mostrar tot el que fem al centre. I ara, com a record d\u2019aquest dia tan especial.<\/p>\n<p>I als futurs alumnes&#8230; us esperem amb les mans obertes el curs vinent<strong>\u00a02025-2026<\/strong>! \ud83c\udf92\ud83d\udcda<\/p>\n<p>&nbsp;<\/p>\n<\/div>\n<div class=\"ds-flex\">\n<div class=\"ds-flex abe97156\">\n<div class=\"ds-icon-button\" tabindex=\"0\">\n<div class=\"ds-icon\">\u00a0<\/div>\n<\/div>\n<div class=\"ds-icon-button\" tabindex=\"0\">\n<div class=\"ds-icon\">\u00a0<\/div>\n<\/div>\n<div class=\"ds-icon-button\" tabindex=\"0\">\n<div class=\"ds-icon\">\u00a0<\/div>\n<\/div>\n<div class=\"ds-icon-button\" tabindex=\"0\">\n<div class=\"ds-icon\">\u00a0<\/div>\n<\/div>\n<\/div>\n<div>\u00a0<\/div>\n<\/div>\n<\/div>\n<\/div>\n<div class=\"e886deb9\">\n<div class=\"e214291b\">\u00a0<\/div>\n<\/div>\n","protected":false},"excerpt":{"rendered":"<p>Aquest passat dimecres vam viure una jornada inoblidable amb les Portes Obertes 2025, un esdeveniment ple d\u2019alegria, il\u00b7lusi\u00f3 i comunitat. \ud83c\udfeb\u2728<br \/>\nVolem agrair a totes les\u00a0fam\u00edlies que ens vau visitar i que vau fer possible que aquest dia fos tan especial. Gr\u00e0cies per la vostra confian\u00e7a&hellip;  <a href=\"https:\/\/agora.xtec.cat\/iesalmenar\/noticies\/portes-obertes-2025\/\" title=\"Read Portes obertes 2025\">Llegeix m\u00e9s\u00bb<\/a><\/p>\n","protected":false},"author":1,"featured_media":5386,"comment_status":"open","ping_status":"closed","sticky":false,"template":"","format":"standard","meta":{"_bbp_topic_count":0,"_bbp_reply_count":0,"_bbp_total_topic_count":0,"_bbp_total_reply_count":0,"_bbp_voice_count":0,"_bbp_anonymous_reply_count":0,"_bbp_topic_count_hidden":0,"_bbp_reply_count_hidden":0,"_bbp_forum_subforum_count":0,"footnotes":""},"categories":[262],"tags":[],"class_list":["post-5382","post","type-post","status-publish","format-standard","has-post-thumbnail","hentry","category-noticies"],"post_mailing_queue_ids":[],"_links":{"self":[{"href":"https:\/\/agora.xtec.cat\/iesalmenar\/wp-json\/wp\/v2\/posts\/5382","targetHints":{"allow":["GET"]}}],"collection":[{"href":"https:\/\/agora.xtec.cat\/iesalmenar\/wp-json\/wp\/v2\/posts"}],"about":[{"href":"https:\/\/agora.xtec.cat\/iesalmenar\/wp-json\/wp\/v2\/types\/post"}],"author":[{"embeddable":true,"href":"https:\/\/agora.xtec.cat\/iesalmenar\/wp-json\/wp\/v2\/users\/1"}],"replies":[{"embeddable":true,"href":"https:\/\/agora.xtec.cat\/iesalmenar\/wp-json\/wp\/v2\/comments?post=5382"}],"version-history":[{"count":6,"href":"https:\/\/agora.xtec.cat\/iesalmenar\/wp-json\/wp\/v2\/posts\/5382\/revisions"}],"predecessor-version":[{"id":5393,"href":"https:\/\/agora.xtec.cat\/iesalmenar\/wp-json\/wp\/v2\/posts\/5382\/revisions\/5393"}],"wp:featuredmedia":[{"embeddable":true,"href":"https:\/\/agora.xtec.cat\/iesalmenar\/wp-json\/wp\/v2\/media\/5386"}],"wp:attachment":[{"href":"https:\/\/agora.xtec.cat\/iesalmenar\/wp-json\/wp\/v2\/media?parent=5382"}],"wp:term":[{"taxonomy":"category","embeddable":true,"href":"https:\/\/agora.xtec.cat\/iesalmenar\/wp-json\/wp\/v2\/categories?post=5382"},{"taxonomy":"post_tag","embeddable":true,"href":"https:\/\/agora.xtec.cat\/iesalmenar\/wp-json\/wp\/v2\/tags?post=5382"}],"curies":[{"name":"wp","href":"https:\/\/api.w.org\/{rel}","templated":true}]}}