{"id":5370,"date":"2025-02-27T12:12:20","date_gmt":"2025-02-27T11:12:20","guid":{"rendered":"https:\/\/agora.xtec.cat\/iesalmenar\/?p=5370"},"modified":"2025-02-27T12:12:20","modified_gmt":"2025-02-27T11:12:20","slug":"gracies-per-visitar-nos-a-les-portes-obertes","status":"publish","type":"post","link":"https:\/\/agora.xtec.cat\/iesalmenar\/noticies\/gracies-per-visitar-nos-a-les-portes-obertes\/","title":{"rendered":"Gr\u00e0cies per visitar-nos a les Portes Obertes!"},"content":{"rendered":"<div class=\"\" data-block=\"true\" data-editor=\"d6jpk\" data-offset-key=\"98ro0-0-0\">\u00a0<\/div>\n<div class=\"\" data-block=\"true\" data-editor=\"d6jpk\" data-offset-key=\"fbn7q-0-0\">\n<div class=\"_1mf _1mj\" data-offset-key=\"fbn7q-0-0\"><span data-offset-key=\"fbn7q-0-0\">Benvolgudes fam\u00edlies,<\/span><\/div>\n<\/div>\n<div class=\"\" data-block=\"true\" data-editor=\"d6jpk\" data-offset-key=\"109tj-0-0\">\n<div class=\"_1mf _1mj\" data-offset-key=\"109tj-0-0\"><span data-offset-key=\"109tj-0-0\">\u00a0<\/span><\/div>\n<\/div>\n<div class=\"\" data-block=\"true\" data-editor=\"d6jpk\" data-offset-key=\"br6ri-0-0\">\n<div class=\"_1mf _1mj\" data-offset-key=\"br6ri-0-0\"><span data-offset-key=\"br6ri-0-0\">Des de l\u2019Institut d&#8217;Almenar, volem expressar el nostre m\u00e9s sincer agra\u00efment per la vostra assist\u00e8ncia a la jornada de portes obertes. Ha estat un plaer compartir amb vosaltres el nostre projecte educatiu, les instal\u00b7lacions i l&#8217;estil que defineix el nostre centre.<\/span><\/div>\n<\/div>\n<div class=\"\" data-block=\"true\" data-editor=\"d6jpk\" data-offset-key=\"9pmlg-0-0\">\n<div class=\"_1mf _1mj\" data-offset-key=\"9pmlg-0-0\"><span data-offset-key=\"9pmlg-0-0\">\u00a0<\/span><\/div>\n<\/div>\n<div class=\"\" data-block=\"true\" data-editor=\"d6jpk\" data-offset-key=\"98m7v-0-0\">\n<div class=\"_1mf _1mj\" data-offset-key=\"98m7v-0-0\"><span data-offset-key=\"98m7v-0-0\">La vostra participaci\u00f3 i inter\u00e8s s\u00f3n fonamentals per a la nostra comunitat educativa, i esperem haver resolt els vostres dubtes i haver-vos transm\u00e8s la il\u00b7lusi\u00f3 amb qu\u00e8 treballem cada dia.<\/span><\/div>\n<\/div>\n<div class=\"\" data-block=\"true\" data-editor=\"d6jpk\" data-offset-key=\"cqka5-0-0\">\n<div class=\"_1mf _1mj\" data-offset-key=\"cqka5-0-0\"><span data-offset-key=\"cqka5-0-0\">\u00a0<\/span><\/div>\n<\/div>\n<div class=\"\" data-block=\"true\" data-editor=\"d6jpk\" data-offset-key=\"f548-0-0\">\n<div class=\"_1mf _1mj\" data-offset-key=\"f548-0-0\"><span data-offset-key=\"f548-0-0\">Gr\u00e0cies per confiar en nosaltres i per formar part d\u2019aquesta experi\u00e8ncia educativa. Restem a la vostra disposici\u00f3 per a qualsevol consulta.<\/span><\/div>\n<\/div>\n<div class=\"\" data-block=\"true\" data-editor=\"d6jpk\" data-offset-key=\"dgi7s-0-0\">\n<div class=\"_1mf _1mj\" data-offset-key=\"dgi7s-0-0\"><span data-offset-key=\"dgi7s-0-0\">\u00a0<\/span><\/div>\n<\/div>\n<div class=\"\" data-block=\"true\" data-editor=\"d6jpk\" data-offset-key=\"ffc0u-0-0\">\n<div class=\"_1mf _1mj\" data-offset-key=\"ffc0u-0-0\"><span data-offset-key=\"ffc0u-0-0\">\ud83d\udcda\ud83d\udca1 Ens veiem aviat!<\/span><\/div>\n<\/div>\n","protected":false},"excerpt":{"rendered":"<p>\u00a0<\/p>\n<p>Benvolgudes fam\u00edlies,<\/p>\n<p>\u00a0<\/p>\n<p>Des de l\u2019Institut d&#8217;Almenar, volem expressar el nostre m\u00e9s sincer agra\u00efment per la vostra assist\u00e8ncia a la jornada de portes obertes. Ha estat un plaer compartir amb vosaltres el nostre projecte educatiu, les instal\u00b7lacions i l&#8217;estil que defineix el nostre centre.<\/p>\n<p>\u00a0<\/p>\n<p>La vostra participaci\u00f3 i&hellip;  <a href=\"https:\/\/agora.xtec.cat\/iesalmenar\/noticies\/gracies-per-visitar-nos-a-les-portes-obertes\/\" title=\"Read Gr\u00e0cies per visitar-nos a les Portes Obertes!\">Llegeix m\u00e9s\u00bb<\/a><\/p>\n","protected":false},"author":1,"featured_media":5371,"comment_status":"open","ping_status":"closed","sticky":false,"template":"","format":"standard","meta":{"_bbp_topic_count":0,"_bbp_reply_count":0,"_bbp_total_topic_count":0,"_bbp_total_reply_count":0,"_bbp_voice_count":0,"_bbp_anonymous_reply_count":0,"_bbp_topic_count_hidden":0,"_bbp_reply_count_hidden":0,"_bbp_forum_subforum_count":0,"footnotes":""},"categories":[262],"tags":[],"class_list":["post-5370","post","type-post","status-publish","format-standard","has-post-thumbnail","hentry","category-noticies"],"post_mailing_queue_ids":[],"_links":{"self":[{"href":"https:\/\/agora.xtec.cat\/iesalmenar\/wp-json\/wp\/v2\/posts\/5370","targetHints":{"allow":["GET"]}}],"collection":[{"href":"https:\/\/agora.xtec.cat\/iesalmenar\/wp-json\/wp\/v2\/posts"}],"about":[{"href":"https:\/\/agora.xtec.cat\/iesalmenar\/wp-json\/wp\/v2\/types\/post"}],"author":[{"embeddable":true,"href":"https:\/\/agora.xtec.cat\/iesalmenar\/wp-json\/wp\/v2\/users\/1"}],"replies":[{"embeddable":true,"href":"https:\/\/agora.xtec.cat\/iesalmenar\/wp-json\/wp\/v2\/comments?post=5370"}],"version-history":[{"count":1,"href":"https:\/\/agora.xtec.cat\/iesalmenar\/wp-json\/wp\/v2\/posts\/5370\/revisions"}],"predecessor-version":[{"id":5372,"href":"https:\/\/agora.xtec.cat\/iesalmenar\/wp-json\/wp\/v2\/posts\/5370\/revisions\/5372"}],"wp:featuredmedia":[{"embeddable":true,"href":"https:\/\/agora.xtec.cat\/iesalmenar\/wp-json\/wp\/v2\/media\/5371"}],"wp:attachment":[{"href":"https:\/\/agora.xtec.cat\/iesalmenar\/wp-json\/wp\/v2\/media?parent=5370"}],"wp:term":[{"taxonomy":"category","embeddable":true,"href":"https:\/\/agora.xtec.cat\/iesalmenar\/wp-json\/wp\/v2\/categories?post=5370"},{"taxonomy":"post_tag","embeddable":true,"href":"https:\/\/agora.xtec.cat\/iesalmenar\/wp-json\/wp\/v2\/tags?post=5370"}],"curies":[{"name":"wp","href":"https:\/\/api.w.org\/{rel}","templated":true}]}}