{"id":5348,"date":"2025-02-12T13:23:39","date_gmt":"2025-02-12T12:23:39","guid":{"rendered":"https:\/\/agora.xtec.cat\/iesalmenar\/?p=5348"},"modified":"2025-02-13T12:18:15","modified_gmt":"2025-02-13T11:18:15","slug":"intercanvi-amb-els-alumnes-alemanys","status":"publish","type":"post","link":"https:\/\/agora.xtec.cat\/iesalmenar\/noticies\/intercanvi-amb-els-alumnes-alemanys\/","title":{"rendered":"Intercanvi amb els alumnes alemanys"},"content":{"rendered":"<div class=\"\" data-block=\"true\" data-editor=\"3og74\" data-offset-key=\"56c8g-0-0\">\n<div class=\"_1mf _1mj\" data-offset-key=\"56c8g-0-0\">\n<p data-start=\"45\" data-end=\"314\">Cr\u00f2nica de l&#8217;estada dels alumnes alemanys al nostre institut:<\/p>\n<p data-start=\"45\" data-end=\"314\"><strong>Arribada:<\/strong><\/p>\n<p data-start=\"45\" data-end=\"314\">Avui hem donat la benvinguda als nostres alumnes alemanys participants en l\u2019intercanvi amb una festa de benvinguda. Ha estat una jornada plena d\u2019il\u00b7lusi\u00f3 i companyonia, que marca l\u2019inici d\u2019uns dies intensos d\u2019aprenentatge, conviv\u00e8ncia i descobertes culturals.<\/p>\n<p data-start=\"316\" data-end=\"505\">Aquest intercanvi \u00e9s una oportunitat \u00fanica perqu\u00e8 l\u2019alumnat ampli\u00ef horitzons, millori les seves compet\u00e8ncies ling\u00fc\u00edstiques i visqui experi\u00e8ncies enriquidores tant dins com fora de l\u2019aula.<\/p>\n<p data-start=\"507\" data-end=\"571\">Benvinguts i benvingudes! Esperem que gaudiu d\u2019aquesta estada.<\/p>\n<\/div>\n<p data-start=\"507\" data-end=\"571\"><strong>Primers dies:<\/strong><\/p>\n<p data-start=\"507\" data-end=\"571\">Ahir l&#8217;alumnat alemany va gaudir d&#8217;una visita que els va permetre descobrir els secrets i els tresors del poble d&#8217;Almenar. Un dia inoblidable i emocionant culminat amb la recepci\u00f3 de la il\u00b7lustr\u00edssima alcaldessa del poble.<\/p>\n<p data-start=\"507\" data-end=\"571\">\u00a0<\/p>\n<p data-start=\"507\" data-end=\"571\">Podeu trobar totes les imatges de l&#8217;intercanvi a la nostra <a href=\"https:\/\/photos.app.goo.gl\/zbSzuaqXHA6RqA8f9\" target=\"_blank\" rel=\"noopener\">GALERIA<\/a>.<\/p>\n<\/div>\n","protected":false},"excerpt":{"rendered":"<p>Cr\u00f2nica de l&#8217;estada dels alumnes alemanys al nostre institut:<br \/>\nArribada:<br \/>\nAvui hem donat la benvinguda als nostres alumnes alemanys participants en l\u2019intercanvi amb una festa de benvinguda. Ha estat una jornada plena d\u2019il\u00b7lusi\u00f3 i companyonia, que marca l\u2019inici d\u2019uns dies intensos d\u2019aprenentatge, conviv\u00e8ncia i descobertes culturals.<br \/>\nAquest intercanvi&hellip;  <a href=\"https:\/\/agora.xtec.cat\/iesalmenar\/noticies\/intercanvi-amb-els-alumnes-alemanys\/\" title=\"Read Intercanvi amb els alumnes alemanys\">Llegeix m\u00e9s\u00bb<\/a><\/p>\n","protected":false},"author":1,"featured_media":5350,"comment_status":"open","ping_status":"closed","sticky":false,"template":"","format":"standard","meta":{"_bbp_topic_count":0,"_bbp_reply_count":0,"_bbp_total_topic_count":0,"_bbp_total_reply_count":0,"_bbp_voice_count":0,"_bbp_anonymous_reply_count":0,"_bbp_topic_count_hidden":0,"_bbp_reply_count_hidden":0,"_bbp_forum_subforum_count":0,"footnotes":""},"categories":[262],"tags":[],"class_list":["post-5348","post","type-post","status-publish","format-standard","has-post-thumbnail","hentry","category-noticies"],"post_mailing_queue_ids":[],"_links":{"self":[{"href":"https:\/\/agora.xtec.cat\/iesalmenar\/wp-json\/wp\/v2\/posts\/5348","targetHints":{"allow":["GET"]}}],"collection":[{"href":"https:\/\/agora.xtec.cat\/iesalmenar\/wp-json\/wp\/v2\/posts"}],"about":[{"href":"https:\/\/agora.xtec.cat\/iesalmenar\/wp-json\/wp\/v2\/types\/post"}],"author":[{"embeddable":true,"href":"https:\/\/agora.xtec.cat\/iesalmenar\/wp-json\/wp\/v2\/users\/1"}],"replies":[{"embeddable":true,"href":"https:\/\/agora.xtec.cat\/iesalmenar\/wp-json\/wp\/v2\/comments?post=5348"}],"version-history":[{"count":2,"href":"https:\/\/agora.xtec.cat\/iesalmenar\/wp-json\/wp\/v2\/posts\/5348\/revisions"}],"predecessor-version":[{"id":5358,"href":"https:\/\/agora.xtec.cat\/iesalmenar\/wp-json\/wp\/v2\/posts\/5348\/revisions\/5358"}],"wp:featuredmedia":[{"embeddable":true,"href":"https:\/\/agora.xtec.cat\/iesalmenar\/wp-json\/wp\/v2\/media\/5350"}],"wp:attachment":[{"href":"https:\/\/agora.xtec.cat\/iesalmenar\/wp-json\/wp\/v2\/media?parent=5348"}],"wp:term":[{"taxonomy":"category","embeddable":true,"href":"https:\/\/agora.xtec.cat\/iesalmenar\/wp-json\/wp\/v2\/categories?post=5348"},{"taxonomy":"post_tag","embeddable":true,"href":"https:\/\/agora.xtec.cat\/iesalmenar\/wp-json\/wp\/v2\/tags?post=5348"}],"curies":[{"name":"wp","href":"https:\/\/api.w.org\/{rel}","templated":true}]}}