{"id":5336,"date":"2025-01-30T12:56:12","date_gmt":"2025-01-30T11:56:12","guid":{"rendered":"https:\/\/agora.xtec.cat\/iesalmenar\/?p=5336"},"modified":"2025-01-30T12:56:12","modified_gmt":"2025-01-30T11:56:12","slug":"dia-escolar-de-la-no-violencia-i-la-pau","status":"publish","type":"post","link":"https:\/\/agora.xtec.cat\/iesalmenar\/noticies\/dia-escolar-de-la-no-violencia-i-la-pau\/","title":{"rendered":"Dia Escolar de la No-viol\u00e8ncia i la Pau"},"content":{"rendered":"<p>\ud83d\udce2 Avui hem celebrat el <strong>Dia Escolar de la No-viol\u00e8ncia i la Pau<\/strong> \ud83d\udd4a\ufe0f<\/p>\n<p>Al pati de l\u2019institut, l\u2019alumnat s\u2019ha unit per formar el s\u00edmbol de la pau \u262e\ufe0f en un gest ple de significat. Despr\u00e9s, hem compartit la lectura d\u2019un manifest per recordar la import\u00e0ncia del respecte, la conviv\u00e8ncia i la resoluci\u00f3 pac\u00edfica dels conflictes.<\/p>\n<p>Un petit acte, per\u00f2 amb un gran missatge: <strong>junts i juntes podem construir un m\u00f3n millor!<\/strong> \ud83c\udf0d\ud83d\udc99 #DENIP #Pau #Conviv\u00e8ncia #Institut<\/p>\n","protected":false},"excerpt":{"rendered":"<p>\ud83d\udce2 Avui hem celebrat el Dia Escolar de la No-viol\u00e8ncia i la Pau \ud83d\udd4a\ufe0f<br \/>\nAl pati de l\u2019institut, l\u2019alumnat s\u2019ha unit per formar el s\u00edmbol de la pau \u262e\ufe0f en un gest ple de significat. Despr\u00e9s, hem compartit la lectura d\u2019un manifest per recordar la import\u00e0ncia&hellip;  <a href=\"https:\/\/agora.xtec.cat\/iesalmenar\/noticies\/dia-escolar-de-la-no-violencia-i-la-pau\/\" title=\"Read Dia Escolar de la No-viol\u00e8ncia i la Pau\">Llegeix m\u00e9s\u00bb<\/a><\/p>\n","protected":false},"author":1,"featured_media":5337,"comment_status":"open","ping_status":"closed","sticky":false,"template":"","format":"standard","meta":{"_bbp_topic_count":0,"_bbp_reply_count":0,"_bbp_total_topic_count":0,"_bbp_total_reply_count":0,"_bbp_voice_count":0,"_bbp_anonymous_reply_count":0,"_bbp_topic_count_hidden":0,"_bbp_reply_count_hidden":0,"_bbp_forum_subforum_count":0,"footnotes":""},"categories":[262],"tags":[],"class_list":["post-5336","post","type-post","status-publish","format-standard","has-post-thumbnail","hentry","category-noticies"],"post_mailing_queue_ids":[],"_links":{"self":[{"href":"https:\/\/agora.xtec.cat\/iesalmenar\/wp-json\/wp\/v2\/posts\/5336","targetHints":{"allow":["GET"]}}],"collection":[{"href":"https:\/\/agora.xtec.cat\/iesalmenar\/wp-json\/wp\/v2\/posts"}],"about":[{"href":"https:\/\/agora.xtec.cat\/iesalmenar\/wp-json\/wp\/v2\/types\/post"}],"author":[{"embeddable":true,"href":"https:\/\/agora.xtec.cat\/iesalmenar\/wp-json\/wp\/v2\/users\/1"}],"replies":[{"embeddable":true,"href":"https:\/\/agora.xtec.cat\/iesalmenar\/wp-json\/wp\/v2\/comments?post=5336"}],"version-history":[{"count":1,"href":"https:\/\/agora.xtec.cat\/iesalmenar\/wp-json\/wp\/v2\/posts\/5336\/revisions"}],"predecessor-version":[{"id":5338,"href":"https:\/\/agora.xtec.cat\/iesalmenar\/wp-json\/wp\/v2\/posts\/5336\/revisions\/5338"}],"wp:featuredmedia":[{"embeddable":true,"href":"https:\/\/agora.xtec.cat\/iesalmenar\/wp-json\/wp\/v2\/media\/5337"}],"wp:attachment":[{"href":"https:\/\/agora.xtec.cat\/iesalmenar\/wp-json\/wp\/v2\/media?parent=5336"}],"wp:term":[{"taxonomy":"category","embeddable":true,"href":"https:\/\/agora.xtec.cat\/iesalmenar\/wp-json\/wp\/v2\/categories?post=5336"},{"taxonomy":"post_tag","embeddable":true,"href":"https:\/\/agora.xtec.cat\/iesalmenar\/wp-json\/wp\/v2\/tags?post=5336"}],"curies":[{"name":"wp","href":"https:\/\/api.w.org\/{rel}","templated":true}]}}