{"id":5328,"date":"2025-01-27T12:04:09","date_gmt":"2025-01-27T11:04:09","guid":{"rendered":"https:\/\/agora.xtec.cat\/iesalmenar\/?p=5328"},"modified":"2025-01-27T12:04:09","modified_gmt":"2025-01-27T11:04:09","slug":"informacio-sobre-la-preinscripcio-2025-26","status":"publish","type":"post","link":"https:\/\/agora.xtec.cat\/iesalmenar\/noticies\/informacio-sobre-la-preinscripcio-2025-26\/","title":{"rendered":"Informaci\u00f3 sobre la preinscripci\u00f3 2025-26"},"content":{"rendered":"<p><strong>Preinscripci\u00f3 2025-2026<\/strong><\/p>\n<h3>Dates de presentaci\u00f3 de sol\u00b7licituds<\/h3>\n<ul>\n<li><strong>Segon cicle d\u2019educaci\u00f3 infantil (3-6 anys):<\/strong><br \/>\nDel 12 al 26 de mar\u00e7<\/li>\n<li><strong>Educaci\u00f3 prim\u00e0ria:<\/strong><br \/>\nDel 12 al 26 de mar\u00e7<\/li>\n<li><strong>ESO:<\/strong><br \/>\nDel 14 al 26 de mar\u00e7<\/li>\n<\/ul>\n<h3>Altres dates<\/h3>\n<ul>\n<li><strong>Llista de sol\u00b7licituds amb la puntuaci\u00f3 provisional:<\/strong><br \/>\n24 d\u2019abril<\/li>\n<li><strong>Termini per presentar una reclamaci\u00f3:<\/strong><br \/>\nDel 24 al 29 d\u2019abril<\/li>\n<li><strong>Sorteig del n\u00famero de desempat:<\/strong><br \/>\n8 de maig<\/li>\n<li><strong>Publicaci\u00f3 de la llista ordenada:<\/strong><br \/>\n9 de maig<\/li>\n<li><strong>Llistes d\u2019alumnes amb pla\u00e7a assignada:<\/strong><br \/>\n16 de juny<\/li>\n<\/ul>\n<p><a href=\"https:\/\/agora.xtec.cat\/iesalmenar\/wp-content\/uploads\/usu784\/2025\/01\/preinscripcio-dates-1.png\"><img loading=\"lazy\" decoding=\"async\" class=\"aligncenter  wp-image-5329\" src=\"https:\/\/agora.xtec.cat\/iesalmenar\/wp-content\/uploads\/usu784\/2025\/01\/preinscripcio-dates-1-300x166.png\" alt=\"\" width=\"341\" height=\"189\" srcset=\"https:\/\/agora.xtec.cat\/iesalmenar\/wp-content\/uploads\/usu784\/2025\/01\/preinscripcio-dates-1-300x166.png 300w, https:\/\/agora.xtec.cat\/iesalmenar\/wp-content\/uploads\/usu784\/2025\/01\/preinscripcio-dates-1-150x83.png 150w, https:\/\/agora.xtec.cat\/iesalmenar\/wp-content\/uploads\/usu784\/2025\/01\/preinscripcio-dates-1-768x424.png 768w, https:\/\/agora.xtec.cat\/iesalmenar\/wp-content\/uploads\/usu784\/2025\/01\/preinscripcio-dates-1.png 839w\" sizes=\"auto, (max-width: 341px) 100vw, 341px\" \/><\/a><\/p>\n","protected":false},"excerpt":{"rendered":"<p>Preinscripci\u00f3 2025-2026<br \/>\nDates de presentaci\u00f3 de sol\u00b7licituds<\/p>\n<ul>\n<li>Segon cicle d\u2019educaci\u00f3 infantil (3-6 anys):<br \/>\nDel 12 al 26 de mar\u00e7<\/li>\n<li>Educaci\u00f3 prim\u00e0ria:<br \/>\nDel 12 al 26 de mar\u00e7<\/li>\n<li>ESO:<br \/>\nDel 14 al 26 de mar\u00e7<\/li>\n<\/ul>\n<p>Altres dates<\/p>\n<ul>\n<li>Llista de sol\u00b7licituds amb la puntuaci\u00f3 provisional:<br \/>\n24 d\u2019abril<\/li>\n<li>Termini per presentar una reclamaci\u00f3:<br \/>\nDel 24 al 29 d\u2019abril<\/li>\n<li>Sorteig del n\u00famero&hellip;  <a href=\"https:\/\/agora.xtec.cat\/iesalmenar\/noticies\/informacio-sobre-la-preinscripcio-2025-26\/\" title=\"Read Informaci\u00f3 sobre la preinscripci\u00f3 2025-26\">Llegeix m\u00e9s\u00bb<\/a><br \/>\n","protected":false},"author":1,"featured_media":5329,"comment_status":"open","ping_status":"closed","sticky":false,"template":"","format":"standard","meta":{"_bbp_topic_count":0,"_bbp_reply_count":0,"_bbp_total_topic_count":0,"_bbp_total_reply_count":0,"_bbp_voice_count":0,"_bbp_anonymous_reply_count":0,"_bbp_topic_count_hidden":0,"_bbp_reply_count_hidden":0,"_bbp_forum_subforum_count":0,"footnotes":""},"categories":[262],"tags":[],"class_list":["post-5328","post","type-post","status-publish","format-standard","has-post-thumbnail","hentry","category-noticies"],"post_mailing_queue_ids":[],"_links":{"self":[{"href":"https:\/\/agora.xtec.cat\/iesalmenar\/wp-json\/wp\/v2\/posts\/5328","targetHints":{"allow":["GET"]}}],"collection":[{"href":"https:\/\/agora.xtec.cat\/iesalmenar\/wp-json\/wp\/v2\/posts"}],"about":[{"href":"https:\/\/agora.xtec.cat\/iesalmenar\/wp-json\/wp\/v2\/types\/post"}],"author":[{"embeddable":true,"href":"https:\/\/agora.xtec.cat\/iesalmenar\/wp-json\/wp\/v2\/users\/1"}],"replies":[{"embeddable":true,"href":"https:\/\/agora.xtec.cat\/iesalmenar\/wp-json\/wp\/v2\/comments?post=5328"}],"version-history":[{"count":1,"href":"https:\/\/agora.xtec.cat\/iesalmenar\/wp-json\/wp\/v2\/posts\/5328\/revisions"}],"predecessor-version":[{"id":5330,"href":"https:\/\/agora.xtec.cat\/iesalmenar\/wp-json\/wp\/v2\/posts\/5328\/revisions\/5330"}],"wp:featuredmedia":[{"embeddable":true,"href":"https:\/\/agora.xtec.cat\/iesalmenar\/wp-json\/wp\/v2\/media\/5329"}],"wp:attachment":[{"href":"https:\/\/agora.xtec.cat\/iesalmenar\/wp-json\/wp\/v2\/media?parent=5328"}],"wp:term":[{"taxonomy":"category","embeddable":true,"href":"https:\/\/agora.xtec.cat\/iesalmenar\/wp-json\/wp\/v2\/categories?post=5328"},{"taxonomy":"post_tag","embeddable":true,"href":"https:\/\/agora.xtec.cat\/iesalmenar\/wp-json\/wp\/v2\/tags?post=5328"}],"curies":[{"name":"wp","href":"https:\/\/api.w.org\/{rel}","templated":true}]}}