{"id":5317,"date":"2025-01-22T12:58:08","date_gmt":"2025-01-22T11:58:08","guid":{"rendered":"https:\/\/agora.xtec.cat\/iesalmenar\/?p=5317"},"modified":"2025-01-22T12:58:08","modified_gmt":"2025-01-22T11:58:08","slug":"pla-catala-desport-a-lescola","status":"publish","type":"post","link":"https:\/\/agora.xtec.cat\/iesalmenar\/noticies\/pla-catala-desport-a-lescola\/","title":{"rendered":"Pla Catal\u00e0 d&#8217;Esport a l&#8217;Escola"},"content":{"rendered":"<p>\ud83d\udd14 <strong>Activitats esportives al nostre institut!<\/strong> \ud83c\udfc3\u200d\u2640\ufe0f\u26bd\ud83c\udfc0<\/p>\n<p>Ja tenim disponible el tr\u00edptic amb les activitats esportives que oferim des del Departament d&#8217;Educaci\u00f3 F\u00edsica dins del Pla Catal\u00e0 d&#8217;Esport a l&#8217;Escola! \ud83c\udfcb\ufe0f\u200d\u2642\ufe0f<br \/>\nAquestes s\u00f3n <strong>activitats extraescolars volunt\u00e0ries<\/strong> que podeu realitzar en el vostre temps lliure.<\/p>\n<p>\ud83d\udcc5 Al tr\u00edptic trobareu:<br \/>\n\u2714\ufe0f Dies i horaris de les activitats.<br \/>\n\u2714\ufe0f Informaci\u00f3 sobre la forma de pagament.<\/p>\n<p>\ud83d\udccb <strong>Com inscriure&#8217;s?<\/strong><br \/>\n1\ufe0f\u20e3 Recolliu la fitxa d&#8217;inscripci\u00f3 a consergeria.<br \/>\n2\ufe0f\u20e3 Ompliu-la amb les vostres dades personals.<br \/>\n3\ufe0f\u20e3 Entregueu-la al professorat d&#8217;educaci\u00f3 f\u00edsica (acompanyada del pagament, si \u00e9s necessari).<\/p>\n<p>Animeu-vos a participar i gaudir de l&#8217;esport amb nosaltres! \ud83d\udcaa\u2728<br \/>\n#EsportEscola #PlaCatal\u00e0Esport #ActivitatsExtraescolars<\/p>\n","protected":false},"excerpt":{"rendered":"<p>\ud83d\udd14 Activitats esportives al nostre institut! \ud83c\udfc3\u200d\u2640\ufe0f\u26bd\ud83c\udfc0<br \/>\nJa tenim disponible el tr\u00edptic amb les activitats esportives que oferim des del Departament d&#8217;Educaci\u00f3 F\u00edsica dins del Pla Catal\u00e0 d&#8217;Esport a l&#8217;Escola! \ud83c\udfcb\ufe0f\u200d\u2642\ufe0f<br \/>\nAquestes s\u00f3n activitats extraescolars volunt\u00e0ries que podeu realitzar en el vostre temps lliure.<br \/>\n\ud83d\udcc5 Al tr\u00edptic trobareu:<br \/>\n\u2714\ufe0f&hellip;  <a href=\"https:\/\/agora.xtec.cat\/iesalmenar\/noticies\/pla-catala-desport-a-lescola\/\" title=\"Read Pla Catal\u00e0 d&#8217;Esport a l&#8217;Escola\">Llegeix m\u00e9s\u00bb<\/a><\/p>\n","protected":false},"author":1,"featured_media":5318,"comment_status":"open","ping_status":"closed","sticky":false,"template":"","format":"standard","meta":{"_bbp_topic_count":0,"_bbp_reply_count":0,"_bbp_total_topic_count":0,"_bbp_total_reply_count":0,"_bbp_voice_count":0,"_bbp_anonymous_reply_count":0,"_bbp_topic_count_hidden":0,"_bbp_reply_count_hidden":0,"_bbp_forum_subforum_count":0,"footnotes":""},"categories":[262],"tags":[],"class_list":["post-5317","post","type-post","status-publish","format-standard","has-post-thumbnail","hentry","category-noticies"],"post_mailing_queue_ids":[],"_links":{"self":[{"href":"https:\/\/agora.xtec.cat\/iesalmenar\/wp-json\/wp\/v2\/posts\/5317","targetHints":{"allow":["GET"]}}],"collection":[{"href":"https:\/\/agora.xtec.cat\/iesalmenar\/wp-json\/wp\/v2\/posts"}],"about":[{"href":"https:\/\/agora.xtec.cat\/iesalmenar\/wp-json\/wp\/v2\/types\/post"}],"author":[{"embeddable":true,"href":"https:\/\/agora.xtec.cat\/iesalmenar\/wp-json\/wp\/v2\/users\/1"}],"replies":[{"embeddable":true,"href":"https:\/\/agora.xtec.cat\/iesalmenar\/wp-json\/wp\/v2\/comments?post=5317"}],"version-history":[{"count":1,"href":"https:\/\/agora.xtec.cat\/iesalmenar\/wp-json\/wp\/v2\/posts\/5317\/revisions"}],"predecessor-version":[{"id":5319,"href":"https:\/\/agora.xtec.cat\/iesalmenar\/wp-json\/wp\/v2\/posts\/5317\/revisions\/5319"}],"wp:featuredmedia":[{"embeddable":true,"href":"https:\/\/agora.xtec.cat\/iesalmenar\/wp-json\/wp\/v2\/media\/5318"}],"wp:attachment":[{"href":"https:\/\/agora.xtec.cat\/iesalmenar\/wp-json\/wp\/v2\/media?parent=5317"}],"wp:term":[{"taxonomy":"category","embeddable":true,"href":"https:\/\/agora.xtec.cat\/iesalmenar\/wp-json\/wp\/v2\/categories?post=5317"},{"taxonomy":"post_tag","embeddable":true,"href":"https:\/\/agora.xtec.cat\/iesalmenar\/wp-json\/wp\/v2\/tags?post=5317"}],"curies":[{"name":"wp","href":"https:\/\/api.w.org\/{rel}","templated":true}]}}