{"id":5315,"date":"2025-01-16T11:39:39","date_gmt":"2025-01-16T10:39:39","guid":{"rendered":"https:\/\/agora.xtec.cat\/iesalmenar\/?p=5315"},"modified":"2025-01-16T11:39:39","modified_gmt":"2025-01-16T10:39:39","slug":"els-alumnes-de-3r-deso-i-grau-basic-han-participat-a-la-xerrada-ansietat-parlem-ne","status":"publish","type":"post","link":"https:\/\/agora.xtec.cat\/iesalmenar\/noticies\/els-alumnes-de-3r-deso-i-grau-basic-han-participat-a-la-xerrada-ansietat-parlem-ne\/","title":{"rendered":"Els alumnes de 3r d\u2019ESO i Grau B\u00e0sic han participat a la xerrada: Ansietat? Parlem-ne!"},"content":{"rendered":"<div class=\"\" data-block=\"true\" data-editor=\"fnjdj\" data-offset-key=\"6ceci-0-0\">\n<div class=\"_1mf _1mj\" data-offset-key=\"6ceci-0-0\"><span data-offset-key=\"6ceci-0-0\">\ud83d\udcac &#8220;Ansietat? Parlem-ne!&#8221; \ud83d\udc99<\/span><\/div>\n<\/div>\n<div class=\"\" data-block=\"true\" data-editor=\"fnjdj\" data-offset-key=\"7h5e-0-0\">\n<div class=\"_1mf _1mj\" data-offset-key=\"7h5e-0-0\"><span data-offset-key=\"7h5e-0-0\">\u00a0<\/span><\/div>\n<\/div>\n<div class=\"\" data-block=\"true\" data-editor=\"fnjdj\" data-offset-key=\"8uos5-0-0\">\n<div class=\"_1mf _1mj\" data-offset-key=\"8uos5-0-0\"><span data-offset-key=\"8uos5-0-0\">Els alumnes de 3r d\u2019ESO i Grau B\u00e0sic han participat en una xerrada amb la Maria Campistany Lahoz, Referent de Benestar Emocional i Salut Comunit\u00e0ria (RBEC). \ud83c\udf31<\/span><\/div>\n<\/div>\n<div class=\"\" data-block=\"true\" data-editor=\"fnjdj\" data-offset-key=\"e753k-0-0\">\n<div class=\"_1mf _1mj\" data-offset-key=\"e753k-0-0\"><span data-offset-key=\"e753k-0-0\">\u00a0<\/span><\/div>\n<\/div>\n<div class=\"\" data-block=\"true\" data-editor=\"fnjdj\" data-offset-key=\"fjvr5-0-0\">\n<div class=\"_1mf _1mj\" data-offset-key=\"fjvr5-0-0\"><span data-offset-key=\"fjvr5-0-0\">Durant la sessi\u00f3, hem abordat qu\u00e8 \u00e9s l\u2019ansietat, com afecta el nostre dia a dia i, sobretot, com gestionar-la. Els estudiants han pogut aprendre eines per cuidar la seva salut emocional.<\/span><\/div>\n<\/div>\n<div class=\"\" data-block=\"true\" data-editor=\"fnjdj\" data-offset-key=\"7oldk-0-0\">\n<div class=\"_1mf _1mj\" data-offset-key=\"7oldk-0-0\"><span data-offset-key=\"7oldk-0-0\">\u00a0<\/span><\/div>\n<\/div>\n<div class=\"\" data-block=\"true\" data-editor=\"fnjdj\" data-offset-key=\"9ioj4-0-0\">\n<div class=\"_1mf _1mj\" data-offset-key=\"9ioj4-0-0\"><span data-offset-key=\"9ioj4-0-0\">\ud83e\udde0 Parlar \u00e9s el primer pas per trobar solucions! Gr\u00e0cies, Maria, per aquesta activitat tan enriquidora!<\/span><\/div>\n<\/div>\n<div class=\"\" data-block=\"true\" data-editor=\"fnjdj\" data-offset-key=\"1q493-0-0\">\n<div class=\"_1mf _1mj\" data-offset-key=\"1q493-0-0\"><span data-offset-key=\"1q493-0-0\">\u00a0<\/span><\/div>\n<\/div>\n<div class=\"\" data-block=\"true\" data-editor=\"fnjdj\" data-offset-key=\"fatda-0-0\">\n<div class=\"_1mf _1mj\" data-offset-key=\"fatda-0-0\"><span class=\"_5zk7\" spellcheck=\"false\" data-offset-key=\"fatda-0-0\"><span data-offset-key=\"fatda-0-0\">#BenestarEmocional<\/span><\/span> <span class=\"_5zk7\" spellcheck=\"false\" data-offset-key=\"fatda-2-0\"><span data-offset-key=\"fatda-2-0\">#SalutMental<\/span><\/span> <span class=\"_5zk7\" spellcheck=\"false\" data-offset-key=\"fatda-4-0\"><span data-offset-key=\"fatda-4-0\">#ParlemDeLAnsietat<\/span><\/span> <span class=\"_5zk7\" spellcheck=\"false\" data-offset-key=\"fatda-6-0\"><span data-offset-key=\"fatda-6-0\">#CuidemNosaltres<\/span><\/span> <span class=\"_5zk7\" spellcheck=\"false\" data-offset-key=\"fatda-8-0\"><span data-offset-key=\"fatda-8-0\">#Institut<\/span><\/span><\/div>\n<\/div>\n","protected":false},"excerpt":{"rendered":"<p>\ud83d\udcac &#8220;Ansietat? Parlem-ne!&#8221; \ud83d\udc99<\/p>\n<p>\u00a0<\/p>\n<p>Els alumnes de 3r d\u2019ESO i Grau B\u00e0sic han participat en una xerrada amb la Maria Campistany Lahoz, Referent de Benestar Emocional i Salut Comunit\u00e0ria (RBEC). \ud83c\udf31<\/p>\n<p>\u00a0<\/p>\n<p>Durant la sessi\u00f3, hem abordat qu\u00e8 \u00e9s l\u2019ansietat, com afecta el nostre dia a dia i,&hellip;  <a href=\"https:\/\/agora.xtec.cat\/iesalmenar\/noticies\/els-alumnes-de-3r-deso-i-grau-basic-han-participat-a-la-xerrada-ansietat-parlem-ne\/\" title=\"Read Els alumnes de 3r d\u2019ESO i Grau B\u00e0sic han participat a la xerrada: Ansietat? Parlem-ne!\">Llegeix m\u00e9s\u00bb<\/a><\/p>\n","protected":false},"author":1,"featured_media":5311,"comment_status":"open","ping_status":"closed","sticky":false,"template":"","format":"standard","meta":{"_bbp_topic_count":0,"_bbp_reply_count":0,"_bbp_total_topic_count":0,"_bbp_total_reply_count":0,"_bbp_voice_count":0,"_bbp_anonymous_reply_count":0,"_bbp_topic_count_hidden":0,"_bbp_reply_count_hidden":0,"_bbp_forum_subforum_count":0,"footnotes":""},"categories":[262],"tags":[],"class_list":["post-5315","post","type-post","status-publish","format-standard","has-post-thumbnail","hentry","category-noticies"],"post_mailing_queue_ids":[],"_links":{"self":[{"href":"https:\/\/agora.xtec.cat\/iesalmenar\/wp-json\/wp\/v2\/posts\/5315","targetHints":{"allow":["GET"]}}],"collection":[{"href":"https:\/\/agora.xtec.cat\/iesalmenar\/wp-json\/wp\/v2\/posts"}],"about":[{"href":"https:\/\/agora.xtec.cat\/iesalmenar\/wp-json\/wp\/v2\/types\/post"}],"author":[{"embeddable":true,"href":"https:\/\/agora.xtec.cat\/iesalmenar\/wp-json\/wp\/v2\/users\/1"}],"replies":[{"embeddable":true,"href":"https:\/\/agora.xtec.cat\/iesalmenar\/wp-json\/wp\/v2\/comments?post=5315"}],"version-history":[{"count":1,"href":"https:\/\/agora.xtec.cat\/iesalmenar\/wp-json\/wp\/v2\/posts\/5315\/revisions"}],"predecessor-version":[{"id":5316,"href":"https:\/\/agora.xtec.cat\/iesalmenar\/wp-json\/wp\/v2\/posts\/5315\/revisions\/5316"}],"wp:featuredmedia":[{"embeddable":true,"href":"https:\/\/agora.xtec.cat\/iesalmenar\/wp-json\/wp\/v2\/media\/5311"}],"wp:attachment":[{"href":"https:\/\/agora.xtec.cat\/iesalmenar\/wp-json\/wp\/v2\/media?parent=5315"}],"wp:term":[{"taxonomy":"category","embeddable":true,"href":"https:\/\/agora.xtec.cat\/iesalmenar\/wp-json\/wp\/v2\/categories?post=5315"},{"taxonomy":"post_tag","embeddable":true,"href":"https:\/\/agora.xtec.cat\/iesalmenar\/wp-json\/wp\/v2\/tags?post=5315"}],"curies":[{"name":"wp","href":"https:\/\/api.w.org\/{rel}","templated":true}]}}