{"id":5255,"date":"2024-12-16T14:00:04","date_gmt":"2024-12-16T13:00:04","guid":{"rendered":"https:\/\/agora.xtec.cat\/iesalmenar\/?p=5255"},"modified":"2024-12-14T20:07:05","modified_gmt":"2024-12-14T19:07:05","slug":"gracies-per-la-vostra-solidaritat-2-200-e-recaptats-per-lies-alameda","status":"publish","type":"post","link":"https:\/\/agora.xtec.cat\/iesalmenar\/noticies\/gracies-per-la-vostra-solidaritat-2-200-e-recaptats-per-lies-alameda\/","title":{"rendered":"Gr\u00e0cies per la vostra solidaritat! 2.200 \u20ac recaptats per l&#8217;IES Alameda!"},"content":{"rendered":"<p>Gr\u00e0cies a la solidaritat i la implicaci\u00f3 de tota la comunitat educativa, hem aconseguit recaptar <strong>2.200 \u20ac<\/strong> per ajudar l&#8217;IES Alameda en la reconstrucci\u00f3 de les seves aules! \ud83d\ude4c<\/p>\n<p>Aquesta fita no hauria estat possible sense l&#8217;esfor\u00e7 i la col\u00b7laboraci\u00f3 de totes les fam\u00edlies, alumnes i professors. Gr\u00e0cies de tot cor! \ud83e\udde1<\/p>\n<p>Aix\u00f2 demostra que, quan treballem junts, podem aconseguir coses incre\u00efbles. Per\u00f2 no ens aturem aqu\u00ed! Seguim sumant forces per continuar ajudant-los.<\/p>\n<p>#SolidaritatIESAlameda #Gr\u00e0ciesATots #JuntsSomM\u00e9sForts #For\u00e7aComunitatValenciana<\/p>\n","protected":false},"excerpt":{"rendered":"<p>Gr\u00e0cies a la solidaritat i la implicaci\u00f3 de tota la comunitat educativa, hem aconseguit recaptar 2.200 \u20ac per ajudar l&#8217;IES Alameda en la reconstrucci\u00f3 de les seves aules! \ud83d\ude4c<br \/>\nAquesta fita no hauria estat possible sense l&#8217;esfor\u00e7 i la col\u00b7laboraci\u00f3 de totes les fam\u00edlies, alumnes i&hellip;  <a href=\"https:\/\/agora.xtec.cat\/iesalmenar\/noticies\/gracies-per-la-vostra-solidaritat-2-200-e-recaptats-per-lies-alameda\/\" title=\"Read Gr\u00e0cies per la vostra solidaritat! 2.200 \u20ac recaptats per l&#8217;IES Alameda!\">Llegeix m\u00e9s\u00bb<\/a><\/p>\n","protected":false},"author":1,"featured_media":5254,"comment_status":"open","ping_status":"closed","sticky":false,"template":"","format":"standard","meta":{"_bbp_topic_count":0,"_bbp_reply_count":0,"_bbp_total_topic_count":0,"_bbp_total_reply_count":0,"_bbp_voice_count":0,"_bbp_anonymous_reply_count":0,"_bbp_topic_count_hidden":0,"_bbp_reply_count_hidden":0,"_bbp_forum_subforum_count":0,"footnotes":""},"categories":[262],"tags":[],"class_list":["post-5255","post","type-post","status-publish","format-standard","has-post-thumbnail","hentry","category-noticies"],"post_mailing_queue_ids":[],"_links":{"self":[{"href":"https:\/\/agora.xtec.cat\/iesalmenar\/wp-json\/wp\/v2\/posts\/5255","targetHints":{"allow":["GET"]}}],"collection":[{"href":"https:\/\/agora.xtec.cat\/iesalmenar\/wp-json\/wp\/v2\/posts"}],"about":[{"href":"https:\/\/agora.xtec.cat\/iesalmenar\/wp-json\/wp\/v2\/types\/post"}],"author":[{"embeddable":true,"href":"https:\/\/agora.xtec.cat\/iesalmenar\/wp-json\/wp\/v2\/users\/1"}],"replies":[{"embeddable":true,"href":"https:\/\/agora.xtec.cat\/iesalmenar\/wp-json\/wp\/v2\/comments?post=5255"}],"version-history":[{"count":1,"href":"https:\/\/agora.xtec.cat\/iesalmenar\/wp-json\/wp\/v2\/posts\/5255\/revisions"}],"predecessor-version":[{"id":5256,"href":"https:\/\/agora.xtec.cat\/iesalmenar\/wp-json\/wp\/v2\/posts\/5255\/revisions\/5256"}],"wp:featuredmedia":[{"embeddable":true,"href":"https:\/\/agora.xtec.cat\/iesalmenar\/wp-json\/wp\/v2\/media\/5254"}],"wp:attachment":[{"href":"https:\/\/agora.xtec.cat\/iesalmenar\/wp-json\/wp\/v2\/media?parent=5255"}],"wp:term":[{"taxonomy":"category","embeddable":true,"href":"https:\/\/agora.xtec.cat\/iesalmenar\/wp-json\/wp\/v2\/categories?post=5255"},{"taxonomy":"post_tag","embeddable":true,"href":"https:\/\/agora.xtec.cat\/iesalmenar\/wp-json\/wp\/v2\/tags?post=5255"}],"curies":[{"name":"wp","href":"https:\/\/api.w.org\/{rel}","templated":true}]}}