{"id":5230,"date":"2024-12-03T12:55:30","date_gmt":"2024-12-03T11:55:30","guid":{"rendered":"https:\/\/agora.xtec.cat\/iesalmenar\/?p=5230"},"modified":"2024-12-03T12:57:09","modified_gmt":"2024-12-03T11:57:09","slug":"intel-ligencia-artificial-reptes-i-oportunitats","status":"publish","type":"post","link":"https:\/\/agora.xtec.cat\/iesalmenar\/noticies\/intel-ligencia-artificial-reptes-i-oportunitats\/","title":{"rendered":"Intel.ligencia artificial: Reptes i oportunitats"},"content":{"rendered":"<p>Els alumnes de Batxillerat han pogut gaudir d\u2019una xerrada fascinant sobre l\u2019evoluci\u00f3 de la <strong>Intel\u00b7lig\u00e8ncia Artificial<\/strong> (IA). La sessi\u00f3 ha comen\u00e7at amb una explicaci\u00f3 detallada de com els primers aven\u00e7os, com l\u2019\u00fas del carb\u00f3, van marcar el punt de partida. S&#8217;ha continuat amb els descobriments clau de l\u2019electricitat i els primers ordinadors, fins a arribar als <strong>tipus d\u2019IA que ens envolten avui dia<\/strong>.<\/p>\n<p>La xerrada ha finalitzat amb una reflexi\u00f3 sobre el <strong>ChatGPT<\/strong>, els seus reptes i oportunitats, i com aquesta tecnologia pot transformar el nostre futur.<\/p>\n<p>\ud83d\udd0d La IA ja forma part del nostre dia a dia i, amb els aven\u00e7os que s\u2019estan produint, el futur sembla ple de noves possibilitats.<\/p>\n<p>#Intellig\u00e8nciaArtificial #Innovaci\u00f3 #Tecnologia #Educaci\u00f3 #ChatGPT #FuturDigital #Batxillerat #ReptesIReptes<\/p>\n","protected":false},"excerpt":{"rendered":"<p>Els alumnes de Batxillerat han pogut gaudir d\u2019una xerrada fascinant sobre l\u2019evoluci\u00f3 de la Intel\u00b7lig\u00e8ncia Artificial (IA). La sessi\u00f3 ha comen\u00e7at amb una explicaci\u00f3 detallada de com els primers aven\u00e7os, com l\u2019\u00fas del carb\u00f3, van marcar el punt de partida. S&#8217;ha continuat amb els descobriments&hellip;  <a href=\"https:\/\/agora.xtec.cat\/iesalmenar\/noticies\/intel-ligencia-artificial-reptes-i-oportunitats\/\" title=\"Read Intel.ligencia artificial: Reptes i oportunitats\">Llegeix m\u00e9s\u00bb<\/a><\/p>\n","protected":false},"author":1,"featured_media":5232,"comment_status":"open","ping_status":"closed","sticky":false,"template":"","format":"standard","meta":{"_bbp_topic_count":0,"_bbp_reply_count":0,"_bbp_total_topic_count":0,"_bbp_total_reply_count":0,"_bbp_voice_count":0,"_bbp_anonymous_reply_count":0,"_bbp_topic_count_hidden":0,"_bbp_reply_count_hidden":0,"_bbp_forum_subforum_count":0,"footnotes":""},"categories":[262],"tags":[],"class_list":["post-5230","post","type-post","status-publish","format-standard","has-post-thumbnail","hentry","category-noticies"],"post_mailing_queue_ids":[],"_links":{"self":[{"href":"https:\/\/agora.xtec.cat\/iesalmenar\/wp-json\/wp\/v2\/posts\/5230","targetHints":{"allow":["GET"]}}],"collection":[{"href":"https:\/\/agora.xtec.cat\/iesalmenar\/wp-json\/wp\/v2\/posts"}],"about":[{"href":"https:\/\/agora.xtec.cat\/iesalmenar\/wp-json\/wp\/v2\/types\/post"}],"author":[{"embeddable":true,"href":"https:\/\/agora.xtec.cat\/iesalmenar\/wp-json\/wp\/v2\/users\/1"}],"replies":[{"embeddable":true,"href":"https:\/\/agora.xtec.cat\/iesalmenar\/wp-json\/wp\/v2\/comments?post=5230"}],"version-history":[{"count":1,"href":"https:\/\/agora.xtec.cat\/iesalmenar\/wp-json\/wp\/v2\/posts\/5230\/revisions"}],"predecessor-version":[{"id":5231,"href":"https:\/\/agora.xtec.cat\/iesalmenar\/wp-json\/wp\/v2\/posts\/5230\/revisions\/5231"}],"wp:featuredmedia":[{"embeddable":true,"href":"https:\/\/agora.xtec.cat\/iesalmenar\/wp-json\/wp\/v2\/media\/5232"}],"wp:attachment":[{"href":"https:\/\/agora.xtec.cat\/iesalmenar\/wp-json\/wp\/v2\/media?parent=5230"}],"wp:term":[{"taxonomy":"category","embeddable":true,"href":"https:\/\/agora.xtec.cat\/iesalmenar\/wp-json\/wp\/v2\/categories?post=5230"},{"taxonomy":"post_tag","embeddable":true,"href":"https:\/\/agora.xtec.cat\/iesalmenar\/wp-json\/wp\/v2\/tags?post=5230"}],"curies":[{"name":"wp","href":"https:\/\/api.w.org\/{rel}","templated":true}]}}