{"id":5156,"date":"2024-10-30T14:27:29","date_gmt":"2024-10-30T13:27:29","guid":{"rendered":"https:\/\/agora.xtec.cat\/iesalmenar\/?p=5156"},"modified":"2024-10-30T14:27:29","modified_gmt":"2024-10-30T13:27:29","slug":"castanyada-2024","status":"publish","type":"post","link":"https:\/\/agora.xtec.cat\/iesalmenar\/noticies\/castanyada-2024\/","title":{"rendered":"Castanyada 2024"},"content":{"rendered":"<p>Aquest dimecres 30 d&#8217;octubre hem celebrat la castanyada al nostre institut.<\/p>\n<p>L&#8217;alumnat de 4t d&#8217;ESO ha repartit castanyes, coca i xocolata, hem llegit relats de terror en catal\u00e0 i castell\u00e0 a cada aula i al final del mat\u00ed, hem realitzat una entrega de premis al millor relat de cada curs!<\/p>\n<p>Podeu trobar totes les imatges a la nostra <a href=\"https:\/\/photos.app.goo.gl\/ZeqmZnjDzP7MVZyZ6\" target=\"_blank\" rel=\"noopener\">GALERIA<\/a>.<\/p>\n","protected":false},"excerpt":{"rendered":"<p>Aquest dimecres 30 d&#8217;octubre hem celebrat la castanyada al nostre institut.<br \/>\nL&#8217;alumnat de 4t d&#8217;ESO ha repartit castanyes, coca i xocolata, hem llegit relats de terror en catal\u00e0 i castell\u00e0 a cada aula i al final del mat\u00ed, hem realitzat una entrega de premis al millor&hellip;  <a href=\"https:\/\/agora.xtec.cat\/iesalmenar\/noticies\/castanyada-2024\/\" title=\"Read Castanyada 2024\">Llegeix m\u00e9s\u00bb<\/a><\/p>\n","protected":false},"author":1,"featured_media":5157,"comment_status":"open","ping_status":"closed","sticky":false,"template":"","format":"standard","meta":{"_bbp_topic_count":0,"_bbp_reply_count":0,"_bbp_total_topic_count":0,"_bbp_total_reply_count":0,"_bbp_voice_count":0,"_bbp_anonymous_reply_count":0,"_bbp_topic_count_hidden":0,"_bbp_reply_count_hidden":0,"_bbp_forum_subforum_count":0,"footnotes":""},"categories":[262],"tags":[],"class_list":["post-5156","post","type-post","status-publish","format-standard","has-post-thumbnail","hentry","category-noticies"],"post_mailing_queue_ids":[],"_links":{"self":[{"href":"https:\/\/agora.xtec.cat\/iesalmenar\/wp-json\/wp\/v2\/posts\/5156","targetHints":{"allow":["GET"]}}],"collection":[{"href":"https:\/\/agora.xtec.cat\/iesalmenar\/wp-json\/wp\/v2\/posts"}],"about":[{"href":"https:\/\/agora.xtec.cat\/iesalmenar\/wp-json\/wp\/v2\/types\/post"}],"author":[{"embeddable":true,"href":"https:\/\/agora.xtec.cat\/iesalmenar\/wp-json\/wp\/v2\/users\/1"}],"replies":[{"embeddable":true,"href":"https:\/\/agora.xtec.cat\/iesalmenar\/wp-json\/wp\/v2\/comments?post=5156"}],"version-history":[{"count":1,"href":"https:\/\/agora.xtec.cat\/iesalmenar\/wp-json\/wp\/v2\/posts\/5156\/revisions"}],"predecessor-version":[{"id":5158,"href":"https:\/\/agora.xtec.cat\/iesalmenar\/wp-json\/wp\/v2\/posts\/5156\/revisions\/5158"}],"wp:featuredmedia":[{"embeddable":true,"href":"https:\/\/agora.xtec.cat\/iesalmenar\/wp-json\/wp\/v2\/media\/5157"}],"wp:attachment":[{"href":"https:\/\/agora.xtec.cat\/iesalmenar\/wp-json\/wp\/v2\/media?parent=5156"}],"wp:term":[{"taxonomy":"category","embeddable":true,"href":"https:\/\/agora.xtec.cat\/iesalmenar\/wp-json\/wp\/v2\/categories?post=5156"},{"taxonomy":"post_tag","embeddable":true,"href":"https:\/\/agora.xtec.cat\/iesalmenar\/wp-json\/wp\/v2\/tags?post=5156"}],"curies":[{"name":"wp","href":"https:\/\/api.w.org\/{rel}","templated":true}]}}