{"id":5131,"date":"2024-10-18T13:43:31","date_gmt":"2024-10-18T11:43:31","guid":{"rendered":"https:\/\/agora.xtec.cat\/iesalmenar\/?p=5131"},"modified":"2024-10-24T11:14:16","modified_gmt":"2024-10-24T09:14:16","slug":"viatge-de-la-materia-de-frances","status":"publish","type":"post","link":"https:\/\/agora.xtec.cat\/iesalmenar\/noticies\/viatge-de-la-materia-de-frances\/","title":{"rendered":"Viatge de la mat\u00e8ria de franc\u00e8s"},"content":{"rendered":"<p>Els alumnes de franc\u00e8s de 3r i 4t visiten Perpiny\u00e0 Carcassona i Narbona. Immersi\u00f3 a la cultura francesa.<\/p>\n<p>Podeu trobar totes les imatges a la nostra <a href=\"https:\/\/photos.app.goo.gl\/W1kZQfFqd5qtvTgHA\" target=\"_blank\" rel=\"noopener\">GALERIA<\/a>.<\/p>\n<p>&nbsp;<\/p>\n<p><a href=\"https:\/\/agora.xtec.cat\/iesalmenar\/wp-content\/uploads\/usu784\/2024\/10\/WhatsApp-Image-2024-10-18-at-1.23.48-PM-1.jpeg\"><img loading=\"lazy\" decoding=\"async\" class=\"aligncenter size-medium wp-image-5133\" src=\"https:\/\/agora.xtec.cat\/iesalmenar\/wp-content\/uploads\/usu784\/2024\/10\/WhatsApp-Image-2024-10-18-at-1.23.48-PM-1-300x225.jpeg\" alt=\"\" width=\"300\" height=\"225\" srcset=\"https:\/\/agora.xtec.cat\/iesalmenar\/wp-content\/uploads\/usu784\/2024\/10\/WhatsApp-Image-2024-10-18-at-1.23.48-PM-1-300x225.jpeg 300w, https:\/\/agora.xtec.cat\/iesalmenar\/wp-content\/uploads\/usu784\/2024\/10\/WhatsApp-Image-2024-10-18-at-1.23.48-PM-1-1024x768.jpeg 1024w, https:\/\/agora.xtec.cat\/iesalmenar\/wp-content\/uploads\/usu784\/2024\/10\/WhatsApp-Image-2024-10-18-at-1.23.48-PM-1-150x113.jpeg 150w, https:\/\/agora.xtec.cat\/iesalmenar\/wp-content\/uploads\/usu784\/2024\/10\/WhatsApp-Image-2024-10-18-at-1.23.48-PM-1-768x576.jpeg 768w, https:\/\/agora.xtec.cat\/iesalmenar\/wp-content\/uploads\/usu784\/2024\/10\/WhatsApp-Image-2024-10-18-at-1.23.48-PM-1-1536x1152.jpeg 1536w, https:\/\/agora.xtec.cat\/iesalmenar\/wp-content\/uploads\/usu784\/2024\/10\/WhatsApp-Image-2024-10-18-at-1.23.48-PM-1-200x150.jpeg 200w, https:\/\/agora.xtec.cat\/iesalmenar\/wp-content\/uploads\/usu784\/2024\/10\/WhatsApp-Image-2024-10-18-at-1.23.48-PM-1.jpeg 1600w\" sizes=\"auto, (max-width: 300px) 100vw, 300px\" \/><\/a><\/p>\n<p><a href=\"https:\/\/agora.xtec.cat\/iesalmenar\/wp-content\/uploads\/usu784\/2024\/10\/WhatsApp-Image-2024-10-18-at-1.23.48-PM-2.jpeg\"><img loading=\"lazy\" decoding=\"async\" class=\"aligncenter size-medium wp-image-5134\" src=\"https:\/\/agora.xtec.cat\/iesalmenar\/wp-content\/uploads\/usu784\/2024\/10\/WhatsApp-Image-2024-10-18-at-1.23.48-PM-2-225x300.jpeg\" alt=\"\" width=\"225\" height=\"300\" srcset=\"https:\/\/agora.xtec.cat\/iesalmenar\/wp-content\/uploads\/usu784\/2024\/10\/WhatsApp-Image-2024-10-18-at-1.23.48-PM-2-225x300.jpeg 225w, https:\/\/agora.xtec.cat\/iesalmenar\/wp-content\/uploads\/usu784\/2024\/10\/WhatsApp-Image-2024-10-18-at-1.23.48-PM-2-768x1024.jpeg 768w, https:\/\/agora.xtec.cat\/iesalmenar\/wp-content\/uploads\/usu784\/2024\/10\/WhatsApp-Image-2024-10-18-at-1.23.48-PM-2-113x150.jpeg 113w, https:\/\/agora.xtec.cat\/iesalmenar\/wp-content\/uploads\/usu784\/2024\/10\/WhatsApp-Image-2024-10-18-at-1.23.48-PM-2-1152x1536.jpeg 1152w, https:\/\/agora.xtec.cat\/iesalmenar\/wp-content\/uploads\/usu784\/2024\/10\/WhatsApp-Image-2024-10-18-at-1.23.48-PM-2.jpeg 1500w\" sizes=\"auto, (max-width: 225px) 100vw, 225px\" \/><\/a><\/p>\n<p><a href=\"https:\/\/agora.xtec.cat\/iesalmenar\/wp-content\/uploads\/usu784\/2024\/10\/WhatsApp-Image-2024-10-18-at-1.23.48-PM-3.jpeg\"><img loading=\"lazy\" decoding=\"async\" class=\"aligncenter size-medium wp-image-5135\" src=\"https:\/\/agora.xtec.cat\/iesalmenar\/wp-content\/uploads\/usu784\/2024\/10\/WhatsApp-Image-2024-10-18-at-1.23.48-PM-3-300x225.jpeg\" alt=\"\" width=\"300\" height=\"225\" srcset=\"https:\/\/agora.xtec.cat\/iesalmenar\/wp-content\/uploads\/usu784\/2024\/10\/WhatsApp-Image-2024-10-18-at-1.23.48-PM-3-300x225.jpeg 300w, https:\/\/agora.xtec.cat\/iesalmenar\/wp-content\/uploads\/usu784\/2024\/10\/WhatsApp-Image-2024-10-18-at-1.23.48-PM-3-1024x768.jpeg 1024w, https:\/\/agora.xtec.cat\/iesalmenar\/wp-content\/uploads\/usu784\/2024\/10\/WhatsApp-Image-2024-10-18-at-1.23.48-PM-3-150x113.jpeg 150w, https:\/\/agora.xtec.cat\/iesalmenar\/wp-content\/uploads\/usu784\/2024\/10\/WhatsApp-Image-2024-10-18-at-1.23.48-PM-3-768x576.jpeg 768w, https:\/\/agora.xtec.cat\/iesalmenar\/wp-content\/uploads\/usu784\/2024\/10\/WhatsApp-Image-2024-10-18-at-1.23.48-PM-3-1536x1152.jpeg 1536w, https:\/\/agora.xtec.cat\/iesalmenar\/wp-content\/uploads\/usu784\/2024\/10\/WhatsApp-Image-2024-10-18-at-1.23.48-PM-3-200x150.jpeg 200w, https:\/\/agora.xtec.cat\/iesalmenar\/wp-content\/uploads\/usu784\/2024\/10\/WhatsApp-Image-2024-10-18-at-1.23.48-PM-3.jpeg 1600w\" sizes=\"auto, (max-width: 300px) 100vw, 300px\" \/><\/a><a href=\"https:\/\/agora.xtec.cat\/iesalmenar\/wp-content\/uploads\/usu784\/2024\/10\/WhatsApp-Image-2024-10-18-at-1.23.49-PM.jpeg\"><img loading=\"lazy\" decoding=\"async\" class=\"aligncenter size-medium wp-image-5137\" src=\"https:\/\/agora.xtec.cat\/iesalmenar\/wp-content\/uploads\/usu784\/2024\/10\/WhatsApp-Image-2024-10-18-at-1.23.49-PM-300x225.jpeg\" alt=\"\" width=\"300\" height=\"225\" srcset=\"https:\/\/agora.xtec.cat\/iesalmenar\/wp-content\/uploads\/usu784\/2024\/10\/WhatsApp-Image-2024-10-18-at-1.23.49-PM-300x225.jpeg 300w, https:\/\/agora.xtec.cat\/iesalmenar\/wp-content\/uploads\/usu784\/2024\/10\/WhatsApp-Image-2024-10-18-at-1.23.49-PM-1024x768.jpeg 1024w, https:\/\/agora.xtec.cat\/iesalmenar\/wp-content\/uploads\/usu784\/2024\/10\/WhatsApp-Image-2024-10-18-at-1.23.49-PM-150x113.jpeg 150w, https:\/\/agora.xtec.cat\/iesalmenar\/wp-content\/uploads\/usu784\/2024\/10\/WhatsApp-Image-2024-10-18-at-1.23.49-PM-768x576.jpeg 768w, https:\/\/agora.xtec.cat\/iesalmenar\/wp-content\/uploads\/usu784\/2024\/10\/WhatsApp-Image-2024-10-18-at-1.23.49-PM-1536x1152.jpeg 1536w, https:\/\/agora.xtec.cat\/iesalmenar\/wp-content\/uploads\/usu784\/2024\/10\/WhatsApp-Image-2024-10-18-at-1.23.49-PM-200x150.jpeg 200w, https:\/\/agora.xtec.cat\/iesalmenar\/wp-content\/uploads\/usu784\/2024\/10\/WhatsApp-Image-2024-10-18-at-1.23.49-PM.jpeg 2000w\" sizes=\"auto, (max-width: 300px) 100vw, 300px\" \/><\/a><\/p>\n","protected":false},"excerpt":{"rendered":"<p>Els alumnes de franc\u00e8s de 3r i 4t visiten Perpiny\u00e0 Carcassona i Narbona. Immersi\u00f3 a la cultura francesa.<br \/>\nPodeu trobar totes les imatges a la nostra <a href=\"https:\/\/photos.app.goo.gl\/W1kZQfFqd5qtvTgHA\" target=\"_blank\" rel=\"noopener\">GALERIA<\/a>.<br \/>\n&nbsp;<br \/>\n<a href=\"https:\/\/agora.xtec.cat\/iesalmenar\/wp-content\/uploads\/usu784\/2024\/10\/WhatsApp-Image-2024-10-18-at-1.23.48-PM-1.jpeg\"><\/a><br \/>\n<a href=\"https:\/\/agora.xtec.cat\/iesalmenar\/wp-content\/uploads\/usu784\/2024\/10\/WhatsApp-Image-2024-10-18-at-1.23.48-PM-2.jpeg\"><\/a><br \/>\n<a href=\"https:\/\/agora.xtec.cat\/iesalmenar\/wp-content\/uploads\/usu784\/2024\/10\/WhatsApp-Image-2024-10-18-at-1.23.48-PM-3.jpeg\"><\/a><a href=\"https:\/\/agora.xtec.cat\/iesalmenar\/wp-content\/uploads\/usu784\/2024\/10\/WhatsApp-Image-2024-10-18-at-1.23.49-PM.jpeg\"><\/a><\/p>\n","protected":false},"author":1,"featured_media":5132,"comment_status":"open","ping_status":"closed","sticky":false,"template":"","format":"standard","meta":{"_bbp_topic_count":0,"_bbp_reply_count":0,"_bbp_total_topic_count":0,"_bbp_total_reply_count":0,"_bbp_voice_count":0,"_bbp_anonymous_reply_count":0,"_bbp_topic_count_hidden":0,"_bbp_reply_count_hidden":0,"_bbp_forum_subforum_count":0,"footnotes":""},"categories":[262],"tags":[],"class_list":["post-5131","post","type-post","status-publish","format-standard","has-post-thumbnail","hentry","category-noticies"],"post_mailing_queue_ids":[],"_links":{"self":[{"href":"https:\/\/agora.xtec.cat\/iesalmenar\/wp-json\/wp\/v2\/posts\/5131","targetHints":{"allow":["GET"]}}],"collection":[{"href":"https:\/\/agora.xtec.cat\/iesalmenar\/wp-json\/wp\/v2\/posts"}],"about":[{"href":"https:\/\/agora.xtec.cat\/iesalmenar\/wp-json\/wp\/v2\/types\/post"}],"author":[{"embeddable":true,"href":"https:\/\/agora.xtec.cat\/iesalmenar\/wp-json\/wp\/v2\/users\/1"}],"replies":[{"embeddable":true,"href":"https:\/\/agora.xtec.cat\/iesalmenar\/wp-json\/wp\/v2\/comments?post=5131"}],"version-history":[{"count":4,"href":"https:\/\/agora.xtec.cat\/iesalmenar\/wp-json\/wp\/v2\/posts\/5131\/revisions"}],"predecessor-version":[{"id":5143,"href":"https:\/\/agora.xtec.cat\/iesalmenar\/wp-json\/wp\/v2\/posts\/5131\/revisions\/5143"}],"wp:featuredmedia":[{"embeddable":true,"href":"https:\/\/agora.xtec.cat\/iesalmenar\/wp-json\/wp\/v2\/media\/5132"}],"wp:attachment":[{"href":"https:\/\/agora.xtec.cat\/iesalmenar\/wp-json\/wp\/v2\/media?parent=5131"}],"wp:term":[{"taxonomy":"category","embeddable":true,"href":"https:\/\/agora.xtec.cat\/iesalmenar\/wp-json\/wp\/v2\/categories?post=5131"},{"taxonomy":"post_tag","embeddable":true,"href":"https:\/\/agora.xtec.cat\/iesalmenar\/wp-json\/wp\/v2\/tags?post=5131"}],"curies":[{"name":"wp","href":"https:\/\/api.w.org\/{rel}","templated":true}]}}