{"id":5101,"date":"2024-09-30T11:15:59","date_gmt":"2024-09-30T09:15:59","guid":{"rendered":"https:\/\/agora.xtec.cat\/iesalmenar\/?p=5101"},"modified":"2024-09-30T11:15:59","modified_gmt":"2024-09-30T09:15:59","slug":"sortida-de-convivencia","status":"publish","type":"post","link":"https:\/\/agora.xtec.cat\/iesalmenar\/noticies\/sortida-de-convivencia\/","title":{"rendered":"Sortida de conviv\u00e8ncia"},"content":{"rendered":"<p>El passat divendres l&#8217;alumnat de 1r d&#8217;ESO va realitzar la sortida de conviv\u00e8ncia a Sant Lloren\u00e7 de Montgai.<br \/>\nVam gaudir d&#8217;una bona caminada al voltant del pant\u00e0 aix\u00ed com jocs i din\u00e0miques de grup.<\/p>\n<p><a href=\"https:\/\/agora.xtec.cat\/iesalmenar\/wp-content\/uploads\/usu784\/2024\/09\/WhatsApp-Image-2024-09-30-at-11.01.22-AM.jpeg\"><img loading=\"lazy\" decoding=\"async\" class=\"aligncenter size-medium wp-image-5106\" src=\"https:\/\/agora.xtec.cat\/iesalmenar\/wp-content\/uploads\/usu784\/2024\/09\/WhatsApp-Image-2024-09-30-at-11.01.22-AM-300x169.jpeg\" alt=\"\" width=\"300\" height=\"169\" srcset=\"https:\/\/agora.xtec.cat\/iesalmenar\/wp-content\/uploads\/usu784\/2024\/09\/WhatsApp-Image-2024-09-30-at-11.01.22-AM-300x169.jpeg 300w, https:\/\/agora.xtec.cat\/iesalmenar\/wp-content\/uploads\/usu784\/2024\/09\/WhatsApp-Image-2024-09-30-at-11.01.22-AM-1024x576.jpeg 1024w, https:\/\/agora.xtec.cat\/iesalmenar\/wp-content\/uploads\/usu784\/2024\/09\/WhatsApp-Image-2024-09-30-at-11.01.22-AM-150x84.jpeg 150w, https:\/\/agora.xtec.cat\/iesalmenar\/wp-content\/uploads\/usu784\/2024\/09\/WhatsApp-Image-2024-09-30-at-11.01.22-AM-768x432.jpeg 768w, https:\/\/agora.xtec.cat\/iesalmenar\/wp-content\/uploads\/usu784\/2024\/09\/WhatsApp-Image-2024-09-30-at-11.01.22-AM-1536x864.jpeg 1536w, https:\/\/agora.xtec.cat\/iesalmenar\/wp-content\/uploads\/usu784\/2024\/09\/WhatsApp-Image-2024-09-30-at-11.01.22-AM.jpeg 1600w\" sizes=\"auto, (max-width: 300px) 100vw, 300px\" \/><\/a><\/p>\n<p>&nbsp;<\/p>\n<p><a href=\"https:\/\/agora.xtec.cat\/iesalmenar\/wp-content\/uploads\/usu784\/2024\/09\/WhatsApp-Image-2024-09-30-at-11.01.21-AM.jpeg\"><img loading=\"lazy\" decoding=\"async\" class=\"aligncenter size-medium wp-image-5107\" src=\"https:\/\/agora.xtec.cat\/iesalmenar\/wp-content\/uploads\/usu784\/2024\/09\/WhatsApp-Image-2024-09-30-at-11.01.21-AM-300x169.jpeg\" alt=\"\" width=\"300\" height=\"169\" srcset=\"https:\/\/agora.xtec.cat\/iesalmenar\/wp-content\/uploads\/usu784\/2024\/09\/WhatsApp-Image-2024-09-30-at-11.01.21-AM-300x169.jpeg 300w, https:\/\/agora.xtec.cat\/iesalmenar\/wp-content\/uploads\/usu784\/2024\/09\/WhatsApp-Image-2024-09-30-at-11.01.21-AM-1024x576.jpeg 1024w, https:\/\/agora.xtec.cat\/iesalmenar\/wp-content\/uploads\/usu784\/2024\/09\/WhatsApp-Image-2024-09-30-at-11.01.21-AM-150x84.jpeg 150w, https:\/\/agora.xtec.cat\/iesalmenar\/wp-content\/uploads\/usu784\/2024\/09\/WhatsApp-Image-2024-09-30-at-11.01.21-AM-768x432.jpeg 768w, https:\/\/agora.xtec.cat\/iesalmenar\/wp-content\/uploads\/usu784\/2024\/09\/WhatsApp-Image-2024-09-30-at-11.01.21-AM-1536x864.jpeg 1536w, https:\/\/agora.xtec.cat\/iesalmenar\/wp-content\/uploads\/usu784\/2024\/09\/WhatsApp-Image-2024-09-30-at-11.01.21-AM.jpeg 2048w\" sizes=\"auto, (max-width: 300px) 100vw, 300px\" \/><\/a><\/p>\n<p>&nbsp;<\/p>\n<p>&nbsp;<\/p>\n<p>&nbsp;<\/p>\n","protected":false},"excerpt":{"rendered":"<p>El passat divendres l&#8217;alumnat de 1r d&#8217;ESO va realitzar la sortida de conviv\u00e8ncia a Sant Lloren\u00e7 de Montgai.<br \/>\nVam gaudir d&#8217;una bona caminada al voltant del pant\u00e0 aix\u00ed com jocs i din\u00e0miques de grup.<br \/>\n<a href=\"https:\/\/agora.xtec.cat\/iesalmenar\/wp-content\/uploads\/usu784\/2024\/09\/WhatsApp-Image-2024-09-30-at-11.01.22-AM.jpeg\"><\/a><br \/>\n&nbsp;<br \/>\n<a href=\"https:\/\/agora.xtec.cat\/iesalmenar\/wp-content\/uploads\/usu784\/2024\/09\/WhatsApp-Image-2024-09-30-at-11.01.21-AM.jpeg\"><\/a><br \/>\n&nbsp;<br \/>\n&nbsp;<br \/>\n&nbsp;<\/p>\n","protected":false},"author":1,"featured_media":5102,"comment_status":"open","ping_status":"closed","sticky":false,"template":"","format":"standard","meta":{"_bbp_topic_count":0,"_bbp_reply_count":0,"_bbp_total_topic_count":0,"_bbp_total_reply_count":0,"_bbp_voice_count":0,"_bbp_anonymous_reply_count":0,"_bbp_topic_count_hidden":0,"_bbp_reply_count_hidden":0,"_bbp_forum_subforum_count":0,"footnotes":""},"categories":[262],"tags":[],"class_list":["post-5101","post","type-post","status-publish","format-standard","has-post-thumbnail","hentry","category-noticies"],"post_mailing_queue_ids":[],"_links":{"self":[{"href":"https:\/\/agora.xtec.cat\/iesalmenar\/wp-json\/wp\/v2\/posts\/5101","targetHints":{"allow":["GET"]}}],"collection":[{"href":"https:\/\/agora.xtec.cat\/iesalmenar\/wp-json\/wp\/v2\/posts"}],"about":[{"href":"https:\/\/agora.xtec.cat\/iesalmenar\/wp-json\/wp\/v2\/types\/post"}],"author":[{"embeddable":true,"href":"https:\/\/agora.xtec.cat\/iesalmenar\/wp-json\/wp\/v2\/users\/1"}],"replies":[{"embeddable":true,"href":"https:\/\/agora.xtec.cat\/iesalmenar\/wp-json\/wp\/v2\/comments?post=5101"}],"version-history":[{"count":2,"href":"https:\/\/agora.xtec.cat\/iesalmenar\/wp-json\/wp\/v2\/posts\/5101\/revisions"}],"predecessor-version":[{"id":5109,"href":"https:\/\/agora.xtec.cat\/iesalmenar\/wp-json\/wp\/v2\/posts\/5101\/revisions\/5109"}],"wp:featuredmedia":[{"embeddable":true,"href":"https:\/\/agora.xtec.cat\/iesalmenar\/wp-json\/wp\/v2\/media\/5102"}],"wp:attachment":[{"href":"https:\/\/agora.xtec.cat\/iesalmenar\/wp-json\/wp\/v2\/media?parent=5101"}],"wp:term":[{"taxonomy":"category","embeddable":true,"href":"https:\/\/agora.xtec.cat\/iesalmenar\/wp-json\/wp\/v2\/categories?post=5101"},{"taxonomy":"post_tag","embeddable":true,"href":"https:\/\/agora.xtec.cat\/iesalmenar\/wp-json\/wp\/v2\/tags?post=5101"}],"curies":[{"name":"wp","href":"https:\/\/api.w.org\/{rel}","templated":true}]}}