{"id":5098,"date":"2024-09-20T18:53:39","date_gmt":"2024-09-20T16:53:39","guid":{"rendered":"https:\/\/agora.xtec.cat\/iesalmenar\/?p=5098"},"modified":"2024-09-20T18:53:39","modified_gmt":"2024-09-20T16:53:39","slug":"jornada-arrenca","status":"publish","type":"post","link":"https:\/\/agora.xtec.cat\/iesalmenar\/noticies\/jornada-arrenca\/","title":{"rendered":"Jornada Arrenca"},"content":{"rendered":"<p>Jornada Arrenca a l&#8217;Ins d\u2019Almenar, promoguda pel programa Leader, Noguera-Segri\u00e0Nord. Taller sobre el m\u00e0rqueting digital en l&#8217;entorn rural a c\u00e0rrec d&#8217;Esther Mellado i visita a les empreses Mol\u00ed del Duc i Eguren met\u00e0l\u2022lics.<\/p>\n","protected":false},"excerpt":{"rendered":"<p>Jornada Arrenca a l&#8217;Ins d\u2019Almenar, promoguda pel programa Leader, Noguera-Segri\u00e0Nord. Taller sobre el m\u00e0rqueting digital en l&#8217;entorn rural a c\u00e0rrec d&#8217;Esther Mellado i visita a les empreses Mol\u00ed del Duc i Eguren met\u00e0l\u2022lics.<\/p>\n","protected":false},"author":1,"featured_media":5099,"comment_status":"open","ping_status":"closed","sticky":false,"template":"","format":"standard","meta":{"_bbp_topic_count":0,"_bbp_reply_count":0,"_bbp_total_topic_count":0,"_bbp_total_reply_count":0,"_bbp_voice_count":0,"_bbp_anonymous_reply_count":0,"_bbp_topic_count_hidden":0,"_bbp_reply_count_hidden":0,"_bbp_forum_subforum_count":0,"footnotes":""},"categories":[262],"tags":[],"class_list":["post-5098","post","type-post","status-publish","format-standard","has-post-thumbnail","hentry","category-noticies"],"post_mailing_queue_ids":[],"_links":{"self":[{"href":"https:\/\/agora.xtec.cat\/iesalmenar\/wp-json\/wp\/v2\/posts\/5098","targetHints":{"allow":["GET"]}}],"collection":[{"href":"https:\/\/agora.xtec.cat\/iesalmenar\/wp-json\/wp\/v2\/posts"}],"about":[{"href":"https:\/\/agora.xtec.cat\/iesalmenar\/wp-json\/wp\/v2\/types\/post"}],"author":[{"embeddable":true,"href":"https:\/\/agora.xtec.cat\/iesalmenar\/wp-json\/wp\/v2\/users\/1"}],"replies":[{"embeddable":true,"href":"https:\/\/agora.xtec.cat\/iesalmenar\/wp-json\/wp\/v2\/comments?post=5098"}],"version-history":[{"count":1,"href":"https:\/\/agora.xtec.cat\/iesalmenar\/wp-json\/wp\/v2\/posts\/5098\/revisions"}],"predecessor-version":[{"id":5100,"href":"https:\/\/agora.xtec.cat\/iesalmenar\/wp-json\/wp\/v2\/posts\/5098\/revisions\/5100"}],"wp:featuredmedia":[{"embeddable":true,"href":"https:\/\/agora.xtec.cat\/iesalmenar\/wp-json\/wp\/v2\/media\/5099"}],"wp:attachment":[{"href":"https:\/\/agora.xtec.cat\/iesalmenar\/wp-json\/wp\/v2\/media?parent=5098"}],"wp:term":[{"taxonomy":"category","embeddable":true,"href":"https:\/\/agora.xtec.cat\/iesalmenar\/wp-json\/wp\/v2\/categories?post=5098"},{"taxonomy":"post_tag","embeddable":true,"href":"https:\/\/agora.xtec.cat\/iesalmenar\/wp-json\/wp\/v2\/tags?post=5098"}],"curies":[{"name":"wp","href":"https:\/\/api.w.org\/{rel}","templated":true}]}}