{"id":5020,"date":"2024-06-04T11:10:21","date_gmt":"2024-06-04T09:10:21","guid":{"rendered":"https:\/\/agora.xtec.cat\/iesalmenar\/?p=5020"},"modified":"2024-06-04T11:10:21","modified_gmt":"2024-06-04T09:10:21","slug":"credit-de-sintesi-de-2n-deso","status":"publish","type":"post","link":"https:\/\/agora.xtec.cat\/iesalmenar\/noticies\/credit-de-sintesi-de-2n-deso\/","title":{"rendered":"Cr\u00e8dit de S\u00edntesi de 2n d&#8217;ESO"},"content":{"rendered":"<p>L&#8217;alumnat de 2n d&#8217;ESO realitza el cr\u00e8dit de s\u00edntesi a les Planes de Son.<\/p>\n<p>Es realitzaran activitats a la natura com orientaci\u00f3, una excursi\u00f3 per l&#8217;alta muntanya, visita a la fauna del Pirineu aix\u00ed com conviure dintre d&#8217;un edifici bioclim\u00e0tic.<\/p>\n<p>\n@monnaturapirineus<\/p>\n<p>Podeu trobar les fotos a la nostra <a href=\"https:\/\/photos.app.goo.gl\/UVEGqyKLs9Rr1pDL6\" target=\"_blank\" rel=\"noopener\">GALERIA<\/a>.<\/p>\n","protected":false},"excerpt":{"rendered":"<p>L&#8217;alumnat de 2n d&#8217;ESO realitza el cr\u00e8dit de s\u00edntesi a les Planes de Son.<br \/>\nEs realitzaran activitats a la natura com orientaci\u00f3, una excursi\u00f3 per l&#8217;alta muntanya, visita a la fauna del Pirineu aix\u00ed com conviure dintre d&#8217;un edifici bioclim\u00e0tic.<\/p>\n<p>@monnaturapirineus<br \/>\nPodeu trobar les fotos a la nostra&hellip;  <a href=\"https:\/\/agora.xtec.cat\/iesalmenar\/noticies\/credit-de-sintesi-de-2n-deso\/\" title=\"Read Cr\u00e8dit de S\u00edntesi de 2n d&#8217;ESO\">Llegeix m\u00e9s\u00bb<\/a><\/p>\n","protected":false},"author":1,"featured_media":5021,"comment_status":"open","ping_status":"closed","sticky":false,"template":"","format":"standard","meta":{"_bbp_topic_count":0,"_bbp_reply_count":0,"_bbp_total_topic_count":0,"_bbp_total_reply_count":0,"_bbp_voice_count":0,"_bbp_anonymous_reply_count":0,"_bbp_topic_count_hidden":0,"_bbp_reply_count_hidden":0,"_bbp_forum_subforum_count":0,"footnotes":""},"categories":[262],"tags":[],"class_list":["post-5020","post","type-post","status-publish","format-standard","has-post-thumbnail","hentry","category-noticies"],"post_mailing_queue_ids":[],"_links":{"self":[{"href":"https:\/\/agora.xtec.cat\/iesalmenar\/wp-json\/wp\/v2\/posts\/5020","targetHints":{"allow":["GET"]}}],"collection":[{"href":"https:\/\/agora.xtec.cat\/iesalmenar\/wp-json\/wp\/v2\/posts"}],"about":[{"href":"https:\/\/agora.xtec.cat\/iesalmenar\/wp-json\/wp\/v2\/types\/post"}],"author":[{"embeddable":true,"href":"https:\/\/agora.xtec.cat\/iesalmenar\/wp-json\/wp\/v2\/users\/1"}],"replies":[{"embeddable":true,"href":"https:\/\/agora.xtec.cat\/iesalmenar\/wp-json\/wp\/v2\/comments?post=5020"}],"version-history":[{"count":1,"href":"https:\/\/agora.xtec.cat\/iesalmenar\/wp-json\/wp\/v2\/posts\/5020\/revisions"}],"predecessor-version":[{"id":5022,"href":"https:\/\/agora.xtec.cat\/iesalmenar\/wp-json\/wp\/v2\/posts\/5020\/revisions\/5022"}],"wp:featuredmedia":[{"embeddable":true,"href":"https:\/\/agora.xtec.cat\/iesalmenar\/wp-json\/wp\/v2\/media\/5021"}],"wp:attachment":[{"href":"https:\/\/agora.xtec.cat\/iesalmenar\/wp-json\/wp\/v2\/media?parent=5020"}],"wp:term":[{"taxonomy":"category","embeddable":true,"href":"https:\/\/agora.xtec.cat\/iesalmenar\/wp-json\/wp\/v2\/categories?post=5020"},{"taxonomy":"post_tag","embeddable":true,"href":"https:\/\/agora.xtec.cat\/iesalmenar\/wp-json\/wp\/v2\/tags?post=5020"}],"curies":[{"name":"wp","href":"https:\/\/api.w.org\/{rel}","templated":true}]}}