{"id":5009,"date":"2024-05-30T10:46:42","date_gmt":"2024-05-30T08:46:42","guid":{"rendered":"https:\/\/agora.xtec.cat\/iesalmenar\/?p=5009"},"modified":"2024-05-30T10:46:42","modified_gmt":"2024-05-30T08:46:42","slug":"taller-de-recitacio-poetica-a-1r-deso","status":"publish","type":"post","link":"https:\/\/agora.xtec.cat\/iesalmenar\/noticies\/taller-de-recitacio-poetica-a-1r-deso\/","title":{"rendered":"Taller de recitaci\u00f3 po\u00e8tica\u00a0a 1r d&#8217;ESO"},"content":{"rendered":"<div dir=\"ltr\">Els alumnes de 1r d&#8217;ESO han gaudit del\u00a0<i>Taller de recitaci\u00f3 po\u00e8tica\u00a0<\/i>a c\u00e0rrec de l&#8217;Agn\u00e8s Sell\u00e9s, premiada al\u00a0<i>Recital Po\u00e8tic Vila d&#8217;Almenar<\/i>.\u00a0<\/div>\n<div dir=\"ltr\">\u00a0<\/div>\n<div dir=\"ltr\">Han apr\u00e8s t\u00e8cniques de vocalitzaci\u00f3, entonaci\u00f3, dicci\u00f3&#8230; per tal de transmetre millor el sentit del poema.\u00a0<\/div>\n","protected":false},"excerpt":{"rendered":"<p>Els alumnes de 1r d&#8217;ESO han gaudit del\u00a0Taller de recitaci\u00f3 po\u00e8tica\u00a0a c\u00e0rrec de l&#8217;Agn\u00e8s Sell\u00e9s, premiada al\u00a0Recital Po\u00e8tic Vila d&#8217;Almenar.\u00a0<br \/>\n\u00a0<br \/>\nHan apr\u00e8s t\u00e8cniques de vocalitzaci\u00f3, entonaci\u00f3, dicci\u00f3&#8230; per tal de transmetre millor el sentit del poema.\u00a0<\/p>\n","protected":false},"author":1,"featured_media":5010,"comment_status":"open","ping_status":"closed","sticky":false,"template":"","format":"standard","meta":{"_bbp_topic_count":0,"_bbp_reply_count":0,"_bbp_total_topic_count":0,"_bbp_total_reply_count":0,"_bbp_voice_count":0,"_bbp_anonymous_reply_count":0,"_bbp_topic_count_hidden":0,"_bbp_reply_count_hidden":0,"_bbp_forum_subforum_count":0,"footnotes":""},"categories":[262],"tags":[],"class_list":["post-5009","post","type-post","status-publish","format-standard","has-post-thumbnail","hentry","category-noticies"],"post_mailing_queue_ids":[],"_links":{"self":[{"href":"https:\/\/agora.xtec.cat\/iesalmenar\/wp-json\/wp\/v2\/posts\/5009","targetHints":{"allow":["GET"]}}],"collection":[{"href":"https:\/\/agora.xtec.cat\/iesalmenar\/wp-json\/wp\/v2\/posts"}],"about":[{"href":"https:\/\/agora.xtec.cat\/iesalmenar\/wp-json\/wp\/v2\/types\/post"}],"author":[{"embeddable":true,"href":"https:\/\/agora.xtec.cat\/iesalmenar\/wp-json\/wp\/v2\/users\/1"}],"replies":[{"embeddable":true,"href":"https:\/\/agora.xtec.cat\/iesalmenar\/wp-json\/wp\/v2\/comments?post=5009"}],"version-history":[{"count":1,"href":"https:\/\/agora.xtec.cat\/iesalmenar\/wp-json\/wp\/v2\/posts\/5009\/revisions"}],"predecessor-version":[{"id":5011,"href":"https:\/\/agora.xtec.cat\/iesalmenar\/wp-json\/wp\/v2\/posts\/5009\/revisions\/5011"}],"wp:featuredmedia":[{"embeddable":true,"href":"https:\/\/agora.xtec.cat\/iesalmenar\/wp-json\/wp\/v2\/media\/5010"}],"wp:attachment":[{"href":"https:\/\/agora.xtec.cat\/iesalmenar\/wp-json\/wp\/v2\/media?parent=5009"}],"wp:term":[{"taxonomy":"category","embeddable":true,"href":"https:\/\/agora.xtec.cat\/iesalmenar\/wp-json\/wp\/v2\/categories?post=5009"},{"taxonomy":"post_tag","embeddable":true,"href":"https:\/\/agora.xtec.cat\/iesalmenar\/wp-json\/wp\/v2\/tags?post=5009"}],"curies":[{"name":"wp","href":"https:\/\/api.w.org\/{rel}","templated":true}]}}