{"id":4995,"date":"2024-05-22T13:09:37","date_gmt":"2024-05-22T11:09:37","guid":{"rendered":"https:\/\/agora.xtec.cat\/iesalmenar\/?p=4995"},"modified":"2024-05-22T13:09:37","modified_gmt":"2024-05-22T11:09:37","slug":"credit-de-sintesi-1-eso-ager","status":"publish","type":"post","link":"https:\/\/agora.xtec.cat\/iesalmenar\/noticies\/credit-de-sintesi-1-eso-ager\/","title":{"rendered":"Cr\u00e8dit de s\u00edntesi 1 ESO &#8211; \u00c0ger"},"content":{"rendered":"<p>Cr\u00e8dit de s\u00edntesi de 1r d&#8217;ESO a Mas Portal (\u00c0ger).<\/p>\n<p>L&#8217;alumnat ha realitzat activitats per con\u00e8ixer l&#8217;entorn i activitats d&#8217;aprenentatge sobre l&#8217;univers.<\/p>\n<p>Han practicat l&#8217;escalada en un roc\u00f2drom, tirolina, curses d&#8217;orientaci\u00f3, una sortida amb BTT\u00a0 entre d&#8217;altres.<\/p>\n<p>La primera nit vam visitar el parc astron\u00f2mic del Montsec i a la segona nit vam gaudir d&#8217;una &#8220;disco&#8221; a la fresca.<\/p>\n<p>Podeu trobar totes les imatges a la nostra <a href=\"https:\/\/photos.app.goo.gl\/aa3NQFh48Y36D89Z7\" target=\"_blank\" rel=\"noopener\">GALERIA<\/a>.<\/p>\n","protected":false},"excerpt":{"rendered":"<p>Cr\u00e8dit de s\u00edntesi de 1r d&#8217;ESO a Mas Portal (\u00c0ger).<br \/>\nL&#8217;alumnat ha realitzat activitats per con\u00e8ixer l&#8217;entorn i activitats d&#8217;aprenentatge sobre l&#8217;univers.<br \/>\nHan practicat l&#8217;escalada en un roc\u00f2drom, tirolina, curses d&#8217;orientaci\u00f3, una sortida amb BTT\u00a0 entre d&#8217;altres.<br \/>\nLa primera nit vam visitar el parc astron\u00f2mic del Montsec i&hellip;  <a href=\"https:\/\/agora.xtec.cat\/iesalmenar\/noticies\/credit-de-sintesi-1-eso-ager\/\" title=\"Read Cr\u00e8dit de s\u00edntesi 1 ESO &#8211; \u00c0ger\">Llegeix m\u00e9s\u00bb<\/a><\/p>\n","protected":false},"author":1,"featured_media":4996,"comment_status":"open","ping_status":"closed","sticky":false,"template":"","format":"standard","meta":{"_bbp_topic_count":0,"_bbp_reply_count":0,"_bbp_total_topic_count":0,"_bbp_total_reply_count":0,"_bbp_voice_count":0,"_bbp_anonymous_reply_count":0,"_bbp_topic_count_hidden":0,"_bbp_reply_count_hidden":0,"_bbp_forum_subforum_count":0,"footnotes":""},"categories":[262],"tags":[],"class_list":["post-4995","post","type-post","status-publish","format-standard","has-post-thumbnail","hentry","category-noticies"],"post_mailing_queue_ids":[],"_links":{"self":[{"href":"https:\/\/agora.xtec.cat\/iesalmenar\/wp-json\/wp\/v2\/posts\/4995","targetHints":{"allow":["GET"]}}],"collection":[{"href":"https:\/\/agora.xtec.cat\/iesalmenar\/wp-json\/wp\/v2\/posts"}],"about":[{"href":"https:\/\/agora.xtec.cat\/iesalmenar\/wp-json\/wp\/v2\/types\/post"}],"author":[{"embeddable":true,"href":"https:\/\/agora.xtec.cat\/iesalmenar\/wp-json\/wp\/v2\/users\/1"}],"replies":[{"embeddable":true,"href":"https:\/\/agora.xtec.cat\/iesalmenar\/wp-json\/wp\/v2\/comments?post=4995"}],"version-history":[{"count":1,"href":"https:\/\/agora.xtec.cat\/iesalmenar\/wp-json\/wp\/v2\/posts\/4995\/revisions"}],"predecessor-version":[{"id":4997,"href":"https:\/\/agora.xtec.cat\/iesalmenar\/wp-json\/wp\/v2\/posts\/4995\/revisions\/4997"}],"wp:featuredmedia":[{"embeddable":true,"href":"https:\/\/agora.xtec.cat\/iesalmenar\/wp-json\/wp\/v2\/media\/4996"}],"wp:attachment":[{"href":"https:\/\/agora.xtec.cat\/iesalmenar\/wp-json\/wp\/v2\/media?parent=4995"}],"wp:term":[{"taxonomy":"category","embeddable":true,"href":"https:\/\/agora.xtec.cat\/iesalmenar\/wp-json\/wp\/v2\/categories?post=4995"},{"taxonomy":"post_tag","embeddable":true,"href":"https:\/\/agora.xtec.cat\/iesalmenar\/wp-json\/wp\/v2\/tags?post=4995"}],"curies":[{"name":"wp","href":"https:\/\/api.w.org\/{rel}","templated":true}]}}