{"id":4983,"date":"2024-05-09T12:08:35","date_gmt":"2024-05-09T10:08:35","guid":{"rendered":"https:\/\/agora.xtec.cat\/iesalmenar\/?p=4983"},"modified":"2024-05-09T12:08:35","modified_gmt":"2024-05-09T10:08:35","slug":"xerrada-de-sant-joan-de-deu-dalmacelles-a-3r-deso","status":"publish","type":"post","link":"https:\/\/agora.xtec.cat\/iesalmenar\/noticies\/xerrada-de-sant-joan-de-deu-dalmacelles-a-3r-deso\/","title":{"rendered":"Xerrada de Sant Joan de D\u00e9u d&#8217;Almacelles a 3r d&#8217;ESO"},"content":{"rendered":"<div class=\"\" data-block=\"true\" data-editor=\"9kutg\" data-offset-key=\"2d8f-0-0\">\n<div class=\"_1mf _1mj\" data-offset-key=\"2d8f-0-0\"><span data-offset-key=\"2d8f-0-0\">Aquesta setmana ha vingut un grup d&#8217;usuaris i treballadores de Sant Joan de D\u00e9u d&#8217;Almacelles a realitzar una xerrada a l&#8217;alumnat de 3r d&#8217;ESO i grau b\u00e0sic. En aquesta xerrada ens han explicat com \u00e9s el funcionament del centre i com \u00e9s el dia a dia de les persones que hi viuen.<\/span><\/div>\n<div data-offset-key=\"2d8f-0-0\">\u00a0<\/div>\n<\/div>\n<div class=\"\" data-block=\"true\" data-editor=\"9kutg\" data-offset-key=\"92hbf-0-0\">\n<div class=\"_1mf _1mj\" data-offset-key=\"92hbf-0-0\"><span data-offset-key=\"92hbf-0-0\">El proper dijous 23 de maig, els nostres alumnes faran el retorn de l&#8217;activitat organitzant una jornada esportiva per les persones del centre.<\/span><\/div>\n<div data-offset-key=\"92hbf-0-0\">\u00a0<\/div>\n<\/div>\n<div class=\"\" data-block=\"true\" data-editor=\"9kutg\" data-offset-key=\"9lfll-0-0\">\n<div class=\"_1mf _1mj\" data-offset-key=\"9lfll-0-0\"><span data-offset-key=\"9lfll-0-0\">Aquesta activitat s&#8217;emmarca dintre de la unitat d&#8217;esport adaptat d&#8217;EF.<\/span><\/div>\n<\/div>\n<div class=\"\" data-block=\"true\" data-editor=\"9kutg\" data-offset-key=\"cgsa2-0-0\">\n<div class=\"_1mf _1mj\" data-offset-key=\"cgsa2-0-0\"><span class=\"_247o\" spellcheck=\"false\" data-offset-key=\"cgsa2-0-0\"><span data-offset-key=\"cgsa2-0-0\">@sjdterreslleida<\/span><\/span><\/div>\n<\/div>\n<div data-offset-key=\"cgsa2-0-0\">\u00a0<\/div>\n<div data-offset-key=\"cgsa2-0-0\"><a href=\"https:\/\/agora.xtec.cat\/iesalmenar\/wp-content\/uploads\/usu784\/2024\/05\/WhatsApp-Image-2024-05-09-at-11.58.00-AM.jpeg\"><img loading=\"lazy\" decoding=\"async\" class=\"aligncenter size-medium wp-image-4985\" src=\"https:\/\/agora.xtec.cat\/iesalmenar\/wp-content\/uploads\/usu784\/2024\/05\/WhatsApp-Image-2024-05-09-at-11.58.00-AM-300x169.jpeg\" alt=\"\" width=\"300\" height=\"169\" srcset=\"https:\/\/agora.xtec.cat\/iesalmenar\/wp-content\/uploads\/usu784\/2024\/05\/WhatsApp-Image-2024-05-09-at-11.58.00-AM-300x169.jpeg 300w, https:\/\/agora.xtec.cat\/iesalmenar\/wp-content\/uploads\/usu784\/2024\/05\/WhatsApp-Image-2024-05-09-at-11.58.00-AM-1024x576.jpeg 1024w, https:\/\/agora.xtec.cat\/iesalmenar\/wp-content\/uploads\/usu784\/2024\/05\/WhatsApp-Image-2024-05-09-at-11.58.00-AM-150x84.jpeg 150w, https:\/\/agora.xtec.cat\/iesalmenar\/wp-content\/uploads\/usu784\/2024\/05\/WhatsApp-Image-2024-05-09-at-11.58.00-AM-768x432.jpeg 768w, https:\/\/agora.xtec.cat\/iesalmenar\/wp-content\/uploads\/usu784\/2024\/05\/WhatsApp-Image-2024-05-09-at-11.58.00-AM-1536x864.jpeg 1536w, https:\/\/agora.xtec.cat\/iesalmenar\/wp-content\/uploads\/usu784\/2024\/05\/WhatsApp-Image-2024-05-09-at-11.58.00-AM.jpeg 1600w\" sizes=\"auto, (max-width: 300px) 100vw, 300px\" \/><\/a><\/div>\n","protected":false},"excerpt":{"rendered":"<p>Aquesta setmana ha vingut un grup d&#8217;usuaris i treballadores de Sant Joan de D\u00e9u d&#8217;Almacelles a realitzar una xerrada a l&#8217;alumnat de 3r d&#8217;ESO i grau b\u00e0sic. En aquesta xerrada ens han explicat com \u00e9s el funcionament del centre i com \u00e9s el dia a&hellip;  <a href=\"https:\/\/agora.xtec.cat\/iesalmenar\/noticies\/xerrada-de-sant-joan-de-deu-dalmacelles-a-3r-deso\/\" title=\"Read Xerrada de Sant Joan de D\u00e9u d&#8217;Almacelles a 3r d&#8217;ESO\">Llegeix m\u00e9s\u00bb<\/a><\/p>\n","protected":false},"author":1,"featured_media":4984,"comment_status":"open","ping_status":"closed","sticky":false,"template":"","format":"standard","meta":{"_bbp_topic_count":0,"_bbp_reply_count":0,"_bbp_total_topic_count":0,"_bbp_total_reply_count":0,"_bbp_voice_count":0,"_bbp_anonymous_reply_count":0,"_bbp_topic_count_hidden":0,"_bbp_reply_count_hidden":0,"_bbp_forum_subforum_count":0,"footnotes":""},"categories":[262],"tags":[],"class_list":["post-4983","post","type-post","status-publish","format-standard","has-post-thumbnail","hentry","category-noticies"],"post_mailing_queue_ids":[],"_links":{"self":[{"href":"https:\/\/agora.xtec.cat\/iesalmenar\/wp-json\/wp\/v2\/posts\/4983","targetHints":{"allow":["GET"]}}],"collection":[{"href":"https:\/\/agora.xtec.cat\/iesalmenar\/wp-json\/wp\/v2\/posts"}],"about":[{"href":"https:\/\/agora.xtec.cat\/iesalmenar\/wp-json\/wp\/v2\/types\/post"}],"author":[{"embeddable":true,"href":"https:\/\/agora.xtec.cat\/iesalmenar\/wp-json\/wp\/v2\/users\/1"}],"replies":[{"embeddable":true,"href":"https:\/\/agora.xtec.cat\/iesalmenar\/wp-json\/wp\/v2\/comments?post=4983"}],"version-history":[{"count":1,"href":"https:\/\/agora.xtec.cat\/iesalmenar\/wp-json\/wp\/v2\/posts\/4983\/revisions"}],"predecessor-version":[{"id":4986,"href":"https:\/\/agora.xtec.cat\/iesalmenar\/wp-json\/wp\/v2\/posts\/4983\/revisions\/4986"}],"wp:featuredmedia":[{"embeddable":true,"href":"https:\/\/agora.xtec.cat\/iesalmenar\/wp-json\/wp\/v2\/media\/4984"}],"wp:attachment":[{"href":"https:\/\/agora.xtec.cat\/iesalmenar\/wp-json\/wp\/v2\/media?parent=4983"}],"wp:term":[{"taxonomy":"category","embeddable":true,"href":"https:\/\/agora.xtec.cat\/iesalmenar\/wp-json\/wp\/v2\/categories?post=4983"},{"taxonomy":"post_tag","embeddable":true,"href":"https:\/\/agora.xtec.cat\/iesalmenar\/wp-json\/wp\/v2\/tags?post=4983"}],"curies":[{"name":"wp","href":"https:\/\/api.w.org\/{rel}","templated":true}]}}