{"id":4962,"date":"2024-04-29T13:27:57","date_gmt":"2024-04-29T11:27:57","guid":{"rendered":"https:\/\/agora.xtec.cat\/iesalmenar\/?p=4962"},"modified":"2024-04-29T13:30:37","modified_gmt":"2024-04-29T11:30:37","slug":"final-ins-almenar-patis-actius-league-2024","status":"publish","type":"post","link":"https:\/\/agora.xtec.cat\/iesalmenar\/noticies\/final-ins-almenar-patis-actius-league-2024\/","title":{"rendered":"Final &#8220;INS Almenar Patis Actius League&#8221; 2024"},"content":{"rendered":"<p>El passat dimarts 23 d&#8217;abril es van disputar les finals de b\u00e0squet i futbol del projecte &#8220;INS Almenar Patis Actius League&#8221;. Aqu\u00ed teniu un v\u00eddeo resum elaborat per les estudiants de 1r de Batxillerat de l&#8217;assignatura Comunicaci\u00f3 Audiovisual. Enhorabona a tots els participants!<\/p>\n<p><iframe loading=\"lazy\" title=\"YouTube video player\" src=\"https:\/\/www.youtube.com\/embed\/LEdUawuJtlo?si=AW4AlTK-MNlou9aY\" width=\"560\" height=\"315\" frameborder=\"0\" allowfullscreen=\"allowfullscreen\"><\/iframe><\/p>\n","protected":false},"excerpt":{"rendered":"<p>El passat dimarts 23 d&#8217;abril es van disputar les finals de b\u00e0squet i futbol del projecte &#8220;INS Almenar Patis Actius League&#8221;. Aqu\u00ed teniu un v\u00eddeo resum elaborat per les estudiants de 1r de Batxillerat de l&#8217;assignatura Comunicaci\u00f3 Audiovisual. Enhorabona a tots els participants!<\/p>\n","protected":false},"author":1,"featured_media":4963,"comment_status":"open","ping_status":"closed","sticky":false,"template":"","format":"standard","meta":{"_bbp_topic_count":0,"_bbp_reply_count":0,"_bbp_total_topic_count":0,"_bbp_total_reply_count":0,"_bbp_voice_count":0,"_bbp_anonymous_reply_count":0,"_bbp_topic_count_hidden":0,"_bbp_reply_count_hidden":0,"_bbp_forum_subforum_count":0,"footnotes":""},"categories":[262],"tags":[],"class_list":["post-4962","post","type-post","status-publish","format-standard","has-post-thumbnail","hentry","category-noticies"],"post_mailing_queue_ids":[],"_links":{"self":[{"href":"https:\/\/agora.xtec.cat\/iesalmenar\/wp-json\/wp\/v2\/posts\/4962","targetHints":{"allow":["GET"]}}],"collection":[{"href":"https:\/\/agora.xtec.cat\/iesalmenar\/wp-json\/wp\/v2\/posts"}],"about":[{"href":"https:\/\/agora.xtec.cat\/iesalmenar\/wp-json\/wp\/v2\/types\/post"}],"author":[{"embeddable":true,"href":"https:\/\/agora.xtec.cat\/iesalmenar\/wp-json\/wp\/v2\/users\/1"}],"replies":[{"embeddable":true,"href":"https:\/\/agora.xtec.cat\/iesalmenar\/wp-json\/wp\/v2\/comments?post=4962"}],"version-history":[{"count":3,"href":"https:\/\/agora.xtec.cat\/iesalmenar\/wp-json\/wp\/v2\/posts\/4962\/revisions"}],"predecessor-version":[{"id":4966,"href":"https:\/\/agora.xtec.cat\/iesalmenar\/wp-json\/wp\/v2\/posts\/4962\/revisions\/4966"}],"wp:featuredmedia":[{"embeddable":true,"href":"https:\/\/agora.xtec.cat\/iesalmenar\/wp-json\/wp\/v2\/media\/4963"}],"wp:attachment":[{"href":"https:\/\/agora.xtec.cat\/iesalmenar\/wp-json\/wp\/v2\/media?parent=4962"}],"wp:term":[{"taxonomy":"category","embeddable":true,"href":"https:\/\/agora.xtec.cat\/iesalmenar\/wp-json\/wp\/v2\/categories?post=4962"},{"taxonomy":"post_tag","embeddable":true,"href":"https:\/\/agora.xtec.cat\/iesalmenar\/wp-json\/wp\/v2\/tags?post=4962"}],"curies":[{"name":"wp","href":"https:\/\/api.w.org\/{rel}","templated":true}]}}