{"id":4920,"date":"2024-04-12T09:16:46","date_gmt":"2024-04-12T07:16:46","guid":{"rendered":"https:\/\/agora.xtec.cat\/iesalmenar\/?p=4920"},"modified":"2024-04-12T09:16:46","modified_gmt":"2024-04-12T07:16:46","slug":"els-alumnes-dintercanvi-visiten-la-vall-de-boi","status":"publish","type":"post","link":"https:\/\/agora.xtec.cat\/iesalmenar\/noticies\/els-alumnes-dintercanvi-visiten-la-vall-de-boi\/","title":{"rendered":"Els alumnes d&#8217;intercanvi visiten la Vall de Bo\u00ed"},"content":{"rendered":"<div class=\"\" data-block=\"true\" data-editor=\"5qh0r\" data-offset-key=\"2l2hp-0-0\">\n<div class=\"_1mf _1mj\" data-offset-key=\"2l2hp-0-0\"><span data-offset-key=\"2l2hp-0-0\">Avui els nostres amics i amigues d&#8217;Alemanya han conegut una part important del nostre Pirineu: hem visitat l&#8217;esgl\u00e9sia de Sant Climent i la de Santa Maria de Ta\u00fcll. I, despr\u00e9s de la pausa per dinar, una caminadeta fins a l&#8217;ermita de Sant Quirc, des d&#8217;on hem pogut contemplar la bellesa de la Vall de Bo\u00ed.<\/span><\/div>\n<\/div>\n<div class=\"\" data-block=\"true\" data-editor=\"5qh0r\" data-offset-key=\"9mkor-0-0\">\n<div class=\"_1mf _1mj\" data-offset-key=\"9mkor-0-0\"><span data-offset-key=\"9mkor-0-0\">\u00a0<\/span><\/div>\n<\/div>\n<div class=\"\" data-block=\"true\" data-editor=\"5qh0r\" data-offset-key=\"71eq4-0-0\">\n<div class=\"_1mf _1mj\" data-offset-key=\"71eq4-0-0\"><span data-offset-key=\"71eq4-0-0\">Podeu trobar el link amb totes les imatges de l&#8217;intercanvi a l&#8217;article de la nostra p\u00e0gina web:<\/span><\/div>\n<\/div>\n<div class=\"\" data-block=\"true\" data-editor=\"5qh0r\" data-offset-key=\"b9me8-0-0\">\n<div class=\"_1mf _1mj\" data-offset-key=\"b9me8-0-0\"><span data-offset-key=\"b9me8-0-0\">https:\/\/agora.xtec.cat\/iesalmenar\/<\/span><\/div>\n<div data-offset-key=\"b9me8-0-0\">\u00a0<\/div>\n<\/div>\n<p>Podeu trobar totes les imatges de l&#8217;intercanvi a la nostra <a href=\"https:\/\/photos.app.goo.gl\/yaC6gprU6r4hj61s7\" target=\"_blank\" rel=\"noopener\">GALERIA<\/a>.<\/p>\n","protected":false},"excerpt":{"rendered":"<p>Avui els nostres amics i amigues d&#8217;Alemanya han conegut una part important del nostre Pirineu: hem visitat l&#8217;esgl\u00e9sia de Sant Climent i la de Santa Maria de Ta\u00fcll. I, despr\u00e9s de la pausa per dinar, una caminadeta fins a l&#8217;ermita de Sant Quirc, des d&#8217;on&hellip;  <a href=\"https:\/\/agora.xtec.cat\/iesalmenar\/noticies\/els-alumnes-dintercanvi-visiten-la-vall-de-boi\/\" title=\"Read Els alumnes d&#8217;intercanvi visiten la Vall de Bo\u00ed\">Llegeix m\u00e9s\u00bb<\/a><\/p>\n","protected":false},"author":1,"featured_media":4921,"comment_status":"open","ping_status":"closed","sticky":false,"template":"","format":"standard","meta":{"_bbp_topic_count":0,"_bbp_reply_count":0,"_bbp_total_topic_count":0,"_bbp_total_reply_count":0,"_bbp_voice_count":0,"_bbp_anonymous_reply_count":0,"_bbp_topic_count_hidden":0,"_bbp_reply_count_hidden":0,"_bbp_forum_subforum_count":0,"footnotes":""},"categories":[262],"tags":[],"class_list":["post-4920","post","type-post","status-publish","format-standard","has-post-thumbnail","hentry","category-noticies"],"post_mailing_queue_ids":[],"_links":{"self":[{"href":"https:\/\/agora.xtec.cat\/iesalmenar\/wp-json\/wp\/v2\/posts\/4920","targetHints":{"allow":["GET"]}}],"collection":[{"href":"https:\/\/agora.xtec.cat\/iesalmenar\/wp-json\/wp\/v2\/posts"}],"about":[{"href":"https:\/\/agora.xtec.cat\/iesalmenar\/wp-json\/wp\/v2\/types\/post"}],"author":[{"embeddable":true,"href":"https:\/\/agora.xtec.cat\/iesalmenar\/wp-json\/wp\/v2\/users\/1"}],"replies":[{"embeddable":true,"href":"https:\/\/agora.xtec.cat\/iesalmenar\/wp-json\/wp\/v2\/comments?post=4920"}],"version-history":[{"count":1,"href":"https:\/\/agora.xtec.cat\/iesalmenar\/wp-json\/wp\/v2\/posts\/4920\/revisions"}],"predecessor-version":[{"id":4922,"href":"https:\/\/agora.xtec.cat\/iesalmenar\/wp-json\/wp\/v2\/posts\/4920\/revisions\/4922"}],"wp:featuredmedia":[{"embeddable":true,"href":"https:\/\/agora.xtec.cat\/iesalmenar\/wp-json\/wp\/v2\/media\/4921"}],"wp:attachment":[{"href":"https:\/\/agora.xtec.cat\/iesalmenar\/wp-json\/wp\/v2\/media?parent=4920"}],"wp:term":[{"taxonomy":"category","embeddable":true,"href":"https:\/\/agora.xtec.cat\/iesalmenar\/wp-json\/wp\/v2\/categories?post=4920"},{"taxonomy":"post_tag","embeddable":true,"href":"https:\/\/agora.xtec.cat\/iesalmenar\/wp-json\/wp\/v2\/tags?post=4920"}],"curies":[{"name":"wp","href":"https:\/\/api.w.org\/{rel}","templated":true}]}}