{"id":4915,"date":"2024-04-11T11:30:55","date_gmt":"2024-04-11T09:30:55","guid":{"rendered":"https:\/\/agora.xtec.cat\/iesalmenar\/?p=4915"},"modified":"2024-04-11T11:31:45","modified_gmt":"2024-04-11T09:31:45","slug":"intercanvi-4t-deso","status":"publish","type":"post","link":"https:\/\/agora.xtec.cat\/iesalmenar\/noticies\/intercanvi-4t-deso\/","title":{"rendered":"Intercanvi 4t d&#8217;ESO"},"content":{"rendered":"<p>Ahir va ser un dia molt intens per l&#8217;alumnat que participa a l&#8217;intercanvi: participaci\u00f3 en ABJ, taller de sardanes, introducci\u00f3 al llenguatge de signes, visita guiada a la Seu Vella, gimcana cultural per Lleida i, per acabar, assist\u00e8ncia a l&#8217;assaig dels Castellers de la capital del Segri\u00e0. I&#8230; dem\u00e0, m\u00e9s!<\/p>\n<p>Podeu trobar totes les imatges de l&#8217;intercanvi a la nostra <a href=\"https:\/\/photos.app.goo.gl\/yaC6gprU6r4hj61s7\" target=\"_blank\" rel=\"noopener\">GALERIA<\/a>.<\/p>\n","protected":false},"excerpt":{"rendered":"<p>Ahir va ser un dia molt intens per l&#8217;alumnat que participa a l&#8217;intercanvi: participaci\u00f3 en ABJ, taller de sardanes, introducci\u00f3 al llenguatge de signes, visita guiada a la Seu Vella, gimcana cultural per Lleida i, per acabar, assist\u00e8ncia a l&#8217;assaig dels Castellers de la capital&hellip;  <a href=\"https:\/\/agora.xtec.cat\/iesalmenar\/noticies\/intercanvi-4t-deso\/\" title=\"Read Intercanvi 4t d&#8217;ESO\">Llegeix m\u00e9s\u00bb<\/a><\/p>\n","protected":false},"author":1,"featured_media":4916,"comment_status":"open","ping_status":"closed","sticky":false,"template":"","format":"standard","meta":{"_bbp_topic_count":0,"_bbp_reply_count":0,"_bbp_total_topic_count":0,"_bbp_total_reply_count":0,"_bbp_voice_count":0,"_bbp_anonymous_reply_count":0,"_bbp_topic_count_hidden":0,"_bbp_reply_count_hidden":0,"_bbp_forum_subforum_count":0,"footnotes":""},"categories":[262],"tags":[],"class_list":["post-4915","post","type-post","status-publish","format-standard","has-post-thumbnail","hentry","category-noticies"],"post_mailing_queue_ids":[],"_links":{"self":[{"href":"https:\/\/agora.xtec.cat\/iesalmenar\/wp-json\/wp\/v2\/posts\/4915","targetHints":{"allow":["GET"]}}],"collection":[{"href":"https:\/\/agora.xtec.cat\/iesalmenar\/wp-json\/wp\/v2\/posts"}],"about":[{"href":"https:\/\/agora.xtec.cat\/iesalmenar\/wp-json\/wp\/v2\/types\/post"}],"author":[{"embeddable":true,"href":"https:\/\/agora.xtec.cat\/iesalmenar\/wp-json\/wp\/v2\/users\/1"}],"replies":[{"embeddable":true,"href":"https:\/\/agora.xtec.cat\/iesalmenar\/wp-json\/wp\/v2\/comments?post=4915"}],"version-history":[{"count":1,"href":"https:\/\/agora.xtec.cat\/iesalmenar\/wp-json\/wp\/v2\/posts\/4915\/revisions"}],"predecessor-version":[{"id":4917,"href":"https:\/\/agora.xtec.cat\/iesalmenar\/wp-json\/wp\/v2\/posts\/4915\/revisions\/4917"}],"wp:featuredmedia":[{"embeddable":true,"href":"https:\/\/agora.xtec.cat\/iesalmenar\/wp-json\/wp\/v2\/media\/4916"}],"wp:attachment":[{"href":"https:\/\/agora.xtec.cat\/iesalmenar\/wp-json\/wp\/v2\/media?parent=4915"}],"wp:term":[{"taxonomy":"category","embeddable":true,"href":"https:\/\/agora.xtec.cat\/iesalmenar\/wp-json\/wp\/v2\/categories?post=4915"},{"taxonomy":"post_tag","embeddable":true,"href":"https:\/\/agora.xtec.cat\/iesalmenar\/wp-json\/wp\/v2\/tags?post=4915"}],"curies":[{"name":"wp","href":"https:\/\/api.w.org\/{rel}","templated":true}]}}