{"id":4903,"date":"2024-04-12T08:58:26","date_gmt":"2024-04-12T06:58:26","guid":{"rendered":"https:\/\/agora.xtec.cat\/iesalmenar\/?p=4903"},"modified":"2024-04-15T13:13:34","modified_gmt":"2024-04-15T11:13:34","slug":"credit-de-sintesi-3r-deso","status":"publish","type":"post","link":"https:\/\/agora.xtec.cat\/iesalmenar\/noticies\/credit-de-sintesi-3r-deso\/","title":{"rendered":"Cr\u00e8dit de s\u00edntesi &#8211; 3r d\u2019ESO."},"content":{"rendered":"<p>L\u2019alumnat de 3r d\u2019ESO ha comen\u00e7at el cr\u00e8dit de s\u00edntesi a les terres de l\u2019Ebre.<\/p>\n<p>Primer dia, caminada pels Estrets d\u2019Arnes.<\/p>\n<p><a href=\"https:\/\/agora.xtec.cat\/iesalmenar\/wp-content\/uploads\/usu784\/2024\/04\/WhatsApp-Image-2024-04-09-at-7.45.29-PM-1.jpeg\"><img loading=\"lazy\" decoding=\"async\" class=\"aligncenter size-medium wp-image-4904\" src=\"https:\/\/agora.xtec.cat\/iesalmenar\/wp-content\/uploads\/usu784\/2024\/04\/WhatsApp-Image-2024-04-09-at-7.45.29-PM-1-300x225.jpeg\" alt=\"\" width=\"300\" height=\"225\" srcset=\"https:\/\/agora.xtec.cat\/iesalmenar\/wp-content\/uploads\/usu784\/2024\/04\/WhatsApp-Image-2024-04-09-at-7.45.29-PM-1-300x225.jpeg 300w, https:\/\/agora.xtec.cat\/iesalmenar\/wp-content\/uploads\/usu784\/2024\/04\/WhatsApp-Image-2024-04-09-at-7.45.29-PM-1-1024x768.jpeg 1024w, https:\/\/agora.xtec.cat\/iesalmenar\/wp-content\/uploads\/usu784\/2024\/04\/WhatsApp-Image-2024-04-09-at-7.45.29-PM-1-150x113.jpeg 150w, https:\/\/agora.xtec.cat\/iesalmenar\/wp-content\/uploads\/usu784\/2024\/04\/WhatsApp-Image-2024-04-09-at-7.45.29-PM-1-768x576.jpeg 768w, https:\/\/agora.xtec.cat\/iesalmenar\/wp-content\/uploads\/usu784\/2024\/04\/WhatsApp-Image-2024-04-09-at-7.45.29-PM-1-1536x1152.jpeg 1536w, https:\/\/agora.xtec.cat\/iesalmenar\/wp-content\/uploads\/usu784\/2024\/04\/WhatsApp-Image-2024-04-09-at-7.45.29-PM-1-200x150.jpeg 200w, https:\/\/agora.xtec.cat\/iesalmenar\/wp-content\/uploads\/usu784\/2024\/04\/WhatsApp-Image-2024-04-09-at-7.45.29-PM-1.jpeg 1600w\" sizes=\"auto, (max-width: 300px) 100vw, 300px\" \/><\/a> <a href=\"https:\/\/agora.xtec.cat\/iesalmenar\/wp-content\/uploads\/usu784\/2024\/04\/WhatsApp-Image-2024-04-09-at-7.45.27-PM.jpeg\"><img loading=\"lazy\" decoding=\"async\" class=\"aligncenter size-medium wp-image-4906\" src=\"https:\/\/agora.xtec.cat\/iesalmenar\/wp-content\/uploads\/usu784\/2024\/04\/WhatsApp-Image-2024-04-09-at-7.45.27-PM-300x225.jpeg\" alt=\"\" width=\"300\" height=\"225\" srcset=\"https:\/\/agora.xtec.cat\/iesalmenar\/wp-content\/uploads\/usu784\/2024\/04\/WhatsApp-Image-2024-04-09-at-7.45.27-PM-300x225.jpeg 300w, https:\/\/agora.xtec.cat\/iesalmenar\/wp-content\/uploads\/usu784\/2024\/04\/WhatsApp-Image-2024-04-09-at-7.45.27-PM-1024x768.jpeg 1024w, https:\/\/agora.xtec.cat\/iesalmenar\/wp-content\/uploads\/usu784\/2024\/04\/WhatsApp-Image-2024-04-09-at-7.45.27-PM-150x113.jpeg 150w, https:\/\/agora.xtec.cat\/iesalmenar\/wp-content\/uploads\/usu784\/2024\/04\/WhatsApp-Image-2024-04-09-at-7.45.27-PM-768x576.jpeg 768w, https:\/\/agora.xtec.cat\/iesalmenar\/wp-content\/uploads\/usu784\/2024\/04\/WhatsApp-Image-2024-04-09-at-7.45.27-PM-1536x1152.jpeg 1536w, https:\/\/agora.xtec.cat\/iesalmenar\/wp-content\/uploads\/usu784\/2024\/04\/WhatsApp-Image-2024-04-09-at-7.45.27-PM-200x150.jpeg 200w, https:\/\/agora.xtec.cat\/iesalmenar\/wp-content\/uploads\/usu784\/2024\/04\/WhatsApp-Image-2024-04-09-at-7.45.27-PM.jpeg 1600w\" sizes=\"auto, (max-width: 300px) 100vw, 300px\" \/><\/a><\/p>\n<p>Segon dia, ruta en bici pel Delta de l\u2019Ebre i vela al port de La R\u00e0pita.<\/p>\n<p><a href=\"https:\/\/agora.xtec.cat\/iesalmenar\/wp-content\/uploads\/usu784\/2024\/04\/WhatsApp-Image-2024-04-10-at-7.38.20-PM.jpeg\"><img loading=\"lazy\" decoding=\"async\" class=\"aligncenter size-medium wp-image-4908\" src=\"https:\/\/agora.xtec.cat\/iesalmenar\/wp-content\/uploads\/usu784\/2024\/04\/WhatsApp-Image-2024-04-10-at-7.38.20-PM-225x300.jpeg\" alt=\"\" width=\"225\" height=\"300\" srcset=\"https:\/\/agora.xtec.cat\/iesalmenar\/wp-content\/uploads\/usu784\/2024\/04\/WhatsApp-Image-2024-04-10-at-7.38.20-PM-225x300.jpeg 225w, https:\/\/agora.xtec.cat\/iesalmenar\/wp-content\/uploads\/usu784\/2024\/04\/WhatsApp-Image-2024-04-10-at-7.38.20-PM-768x1024.jpeg 768w, https:\/\/agora.xtec.cat\/iesalmenar\/wp-content\/uploads\/usu784\/2024\/04\/WhatsApp-Image-2024-04-10-at-7.38.20-PM-113x150.jpeg 113w, https:\/\/agora.xtec.cat\/iesalmenar\/wp-content\/uploads\/usu784\/2024\/04\/WhatsApp-Image-2024-04-10-at-7.38.20-PM-1152x1536.jpeg 1152w, https:\/\/agora.xtec.cat\/iesalmenar\/wp-content\/uploads\/usu784\/2024\/04\/WhatsApp-Image-2024-04-10-at-7.38.20-PM.jpeg 1200w\" sizes=\"auto, (max-width: 225px) 100vw, 225px\" \/><\/a> <a href=\"https:\/\/agora.xtec.cat\/iesalmenar\/wp-content\/uploads\/usu784\/2024\/04\/WhatsApp-Image-2024-04-11-at-10.39.31-AM.jpeg\"><img loading=\"lazy\" decoding=\"async\" class=\"aligncenter size-medium wp-image-4909\" src=\"https:\/\/agora.xtec.cat\/iesalmenar\/wp-content\/uploads\/usu784\/2024\/04\/WhatsApp-Image-2024-04-11-at-10.39.31-AM-300x225.jpeg\" alt=\"\" width=\"300\" height=\"225\" srcset=\"https:\/\/agora.xtec.cat\/iesalmenar\/wp-content\/uploads\/usu784\/2024\/04\/WhatsApp-Image-2024-04-11-at-10.39.31-AM-300x225.jpeg 300w, https:\/\/agora.xtec.cat\/iesalmenar\/wp-content\/uploads\/usu784\/2024\/04\/WhatsApp-Image-2024-04-11-at-10.39.31-AM-1024x768.jpeg 1024w, https:\/\/agora.xtec.cat\/iesalmenar\/wp-content\/uploads\/usu784\/2024\/04\/WhatsApp-Image-2024-04-11-at-10.39.31-AM-150x113.jpeg 150w, https:\/\/agora.xtec.cat\/iesalmenar\/wp-content\/uploads\/usu784\/2024\/04\/WhatsApp-Image-2024-04-11-at-10.39.31-AM-768x576.jpeg 768w, https:\/\/agora.xtec.cat\/iesalmenar\/wp-content\/uploads\/usu784\/2024\/04\/WhatsApp-Image-2024-04-11-at-10.39.31-AM-1536x1152.jpeg 1536w, https:\/\/agora.xtec.cat\/iesalmenar\/wp-content\/uploads\/usu784\/2024\/04\/WhatsApp-Image-2024-04-11-at-10.39.31-AM-200x150.jpeg 200w, https:\/\/agora.xtec.cat\/iesalmenar\/wp-content\/uploads\/usu784\/2024\/04\/WhatsApp-Image-2024-04-11-at-10.39.31-AM.jpeg 2000w\" sizes=\"auto, (max-width: 300px) 100vw, 300px\" \/><\/a><\/p>\n<div class=\"\" data-block=\"true\" data-editor=\"86tp4\" data-offset-key=\"11bpe-0-0\">\n<div class=\"_1mf _1mj\" data-offset-key=\"11bpe-0-0\"><span data-offset-key=\"11bpe-0-0\">3r dia del cr\u00e8dit de s\u00edntesi de 3r d&#8217;ESO: ruta en bici fins a M\u00f3nNatura Delta de l\u2019Ebre i caiac a la badia dels Alfacs.<\/span><\/div>\n<\/div>\n<p><a href=\"https:\/\/agora.xtec.cat\/iesalmenar\/wp-content\/uploads\/usu784\/2024\/04\/WhatsApp-Image-2024-04-11-at-7.11.58-PM-4.jpeg\"><img loading=\"lazy\" decoding=\"async\" class=\"aligncenter size-medium wp-image-4918\" src=\"https:\/\/agora.xtec.cat\/iesalmenar\/wp-content\/uploads\/usu784\/2024\/04\/WhatsApp-Image-2024-04-11-at-7.11.58-PM-4-225x300.jpeg\" alt=\"\" width=\"225\" height=\"300\" srcset=\"https:\/\/agora.xtec.cat\/iesalmenar\/wp-content\/uploads\/usu784\/2024\/04\/WhatsApp-Image-2024-04-11-at-7.11.58-PM-4-225x300.jpeg 225w, https:\/\/agora.xtec.cat\/iesalmenar\/wp-content\/uploads\/usu784\/2024\/04\/WhatsApp-Image-2024-04-11-at-7.11.58-PM-4-768x1024.jpeg 768w, https:\/\/agora.xtec.cat\/iesalmenar\/wp-content\/uploads\/usu784\/2024\/04\/WhatsApp-Image-2024-04-11-at-7.11.58-PM-4-113x150.jpeg 113w, https:\/\/agora.xtec.cat\/iesalmenar\/wp-content\/uploads\/usu784\/2024\/04\/WhatsApp-Image-2024-04-11-at-7.11.58-PM-4-1152x1536.jpeg 1152w, https:\/\/agora.xtec.cat\/iesalmenar\/wp-content\/uploads\/usu784\/2024\/04\/WhatsApp-Image-2024-04-11-at-7.11.58-PM-4.jpeg 1200w\" sizes=\"auto, (max-width: 225px) 100vw, 225px\" \/><\/a><\/p>\n<p>&nbsp;<\/p>\n<p>Divendres va ser l&#8217;\u00faltim dia del cr\u00e8dit de s\u00edntesi de 3r d&#8217;ESO, l&#8217;alumnat va anar a perxar amb les barques tradicionals del Delta de l\u2019Ebre.<\/p>\n<p>&nbsp;<\/p>\n<p><a href=\"https:\/\/agora.xtec.cat\/iesalmenar\/wp-content\/uploads\/usu784\/2024\/04\/WhatsApp-Image-2024-04-12-at-3.28.01-PM-2.jpeg\"><img loading=\"lazy\" decoding=\"async\" class=\"aligncenter size-medium wp-image-4923\" src=\"https:\/\/agora.xtec.cat\/iesalmenar\/wp-content\/uploads\/usu784\/2024\/04\/WhatsApp-Image-2024-04-12-at-3.28.01-PM-2-300x225.jpeg\" alt=\"\" width=\"300\" height=\"225\" srcset=\"https:\/\/agora.xtec.cat\/iesalmenar\/wp-content\/uploads\/usu784\/2024\/04\/WhatsApp-Image-2024-04-12-at-3.28.01-PM-2-300x225.jpeg 300w, https:\/\/agora.xtec.cat\/iesalmenar\/wp-content\/uploads\/usu784\/2024\/04\/WhatsApp-Image-2024-04-12-at-3.28.01-PM-2-1024x768.jpeg 1024w, https:\/\/agora.xtec.cat\/iesalmenar\/wp-content\/uploads\/usu784\/2024\/04\/WhatsApp-Image-2024-04-12-at-3.28.01-PM-2-150x113.jpeg 150w, https:\/\/agora.xtec.cat\/iesalmenar\/wp-content\/uploads\/usu784\/2024\/04\/WhatsApp-Image-2024-04-12-at-3.28.01-PM-2-768x576.jpeg 768w, https:\/\/agora.xtec.cat\/iesalmenar\/wp-content\/uploads\/usu784\/2024\/04\/WhatsApp-Image-2024-04-12-at-3.28.01-PM-2-1536x1152.jpeg 1536w, https:\/\/agora.xtec.cat\/iesalmenar\/wp-content\/uploads\/usu784\/2024\/04\/WhatsApp-Image-2024-04-12-at-3.28.01-PM-2-200x150.jpeg 200w, https:\/\/agora.xtec.cat\/iesalmenar\/wp-content\/uploads\/usu784\/2024\/04\/WhatsApp-Image-2024-04-12-at-3.28.01-PM-2.jpeg 1600w\" sizes=\"auto, (max-width: 300px) 100vw, 300px\" \/><\/a><\/p>\n<p>Podeu trobar totes les imatges a la nostra <a href=\"https:\/\/photos.app.goo.gl\/cvkc3FNGPmCjMzuU8\" target=\"_blank\" rel=\"noopener\">GALERIA<\/a>.<\/p>\n","protected":false},"excerpt":{"rendered":"<p>L\u2019alumnat de 3r d\u2019ESO ha comen\u00e7at el cr\u00e8dit de s\u00edntesi a les terres de l\u2019Ebre.<br \/>\nPrimer dia, caminada pels Estrets d\u2019Arnes.<br \/>\n<a href=\"https:\/\/agora.xtec.cat\/iesalmenar\/wp-content\/uploads\/usu784\/2024\/04\/WhatsApp-Image-2024-04-09-at-7.45.29-PM-1.jpeg\"><\/a> <a href=\"https:\/\/agora.xtec.cat\/iesalmenar\/wp-content\/uploads\/usu784\/2024\/04\/WhatsApp-Image-2024-04-09-at-7.45.27-PM.jpeg\"><\/a><br \/>\nSegon dia, ruta en bici pel Delta de l\u2019Ebre i vela al port de La R\u00e0pita.<br \/>\n<a href=\"https:\/\/agora.xtec.cat\/iesalmenar\/wp-content\/uploads\/usu784\/2024\/04\/WhatsApp-Image-2024-04-10-at-7.38.20-PM.jpeg\"><\/a> <a href=\"https:\/\/agora.xtec.cat\/iesalmenar\/wp-content\/uploads\/usu784\/2024\/04\/WhatsApp-Image-2024-04-11-at-10.39.31-AM.jpeg\"><\/a><\/p>\n<p>3r dia del cr\u00e8dit de&hellip;  <a href=\"https:\/\/agora.xtec.cat\/iesalmenar\/noticies\/credit-de-sintesi-3r-deso\/\" title=\"Read Cr\u00e8dit de s\u00edntesi &#8211; 3r d\u2019ESO.\">Llegeix m\u00e9s\u00bb<\/a><\/p>\n","protected":false},"author":1,"featured_media":4905,"comment_status":"open","ping_status":"closed","sticky":false,"template":"","format":"standard","meta":{"_bbp_topic_count":0,"_bbp_reply_count":0,"_bbp_total_topic_count":0,"_bbp_total_reply_count":0,"_bbp_voice_count":0,"_bbp_anonymous_reply_count":0,"_bbp_topic_count_hidden":0,"_bbp_reply_count_hidden":0,"_bbp_forum_subforum_count":0,"footnotes":""},"categories":[262],"tags":[],"class_list":["post-4903","post","type-post","status-publish","format-standard","has-post-thumbnail","hentry","category-noticies"],"post_mailing_queue_ids":[],"_links":{"self":[{"href":"https:\/\/agora.xtec.cat\/iesalmenar\/wp-json\/wp\/v2\/posts\/4903","targetHints":{"allow":["GET"]}}],"collection":[{"href":"https:\/\/agora.xtec.cat\/iesalmenar\/wp-json\/wp\/v2\/posts"}],"about":[{"href":"https:\/\/agora.xtec.cat\/iesalmenar\/wp-json\/wp\/v2\/types\/post"}],"author":[{"embeddable":true,"href":"https:\/\/agora.xtec.cat\/iesalmenar\/wp-json\/wp\/v2\/users\/1"}],"replies":[{"embeddable":true,"href":"https:\/\/agora.xtec.cat\/iesalmenar\/wp-json\/wp\/v2\/comments?post=4903"}],"version-history":[{"count":5,"href":"https:\/\/agora.xtec.cat\/iesalmenar\/wp-json\/wp\/v2\/posts\/4903\/revisions"}],"predecessor-version":[{"id":4924,"href":"https:\/\/agora.xtec.cat\/iesalmenar\/wp-json\/wp\/v2\/posts\/4903\/revisions\/4924"}],"wp:featuredmedia":[{"embeddable":true,"href":"https:\/\/agora.xtec.cat\/iesalmenar\/wp-json\/wp\/v2\/media\/4905"}],"wp:attachment":[{"href":"https:\/\/agora.xtec.cat\/iesalmenar\/wp-json\/wp\/v2\/media?parent=4903"}],"wp:term":[{"taxonomy":"category","embeddable":true,"href":"https:\/\/agora.xtec.cat\/iesalmenar\/wp-json\/wp\/v2\/categories?post=4903"},{"taxonomy":"post_tag","embeddable":true,"href":"https:\/\/agora.xtec.cat\/iesalmenar\/wp-json\/wp\/v2\/tags?post=4903"}],"curies":[{"name":"wp","href":"https:\/\/api.w.org\/{rel}","templated":true}]}}