{"id":4875,"date":"2024-04-04T21:32:15","date_gmt":"2024-04-04T19:32:15","guid":{"rendered":"https:\/\/agora.xtec.cat\/iesalmenar\/?p=4875"},"modified":"2024-04-04T21:32:15","modified_gmt":"2024-04-04T19:32:15","slug":"oberta-la-convocatoria-de-beques-per-a-ensenyaments-postobligatoris","status":"publish","type":"post","link":"https:\/\/agora.xtec.cat\/iesalmenar\/noticies\/oberta-la-convocatoria-de-beques-per-a-ensenyaments-postobligatoris\/","title":{"rendered":"Oberta la convocat\u00f2ria de beques per a ensenyaments postobligatoris."},"content":{"rendered":"<p>Podeu trobar la informaci\u00f3 al seg\u00fcent link:<\/p>\n<p>https:\/\/educacio.gencat.cat\/ca\/serveis-tramits\/beques\/beques-postobligatoris\/<\/p>\n","protected":false},"excerpt":{"rendered":"<p>Podeu trobar la informaci\u00f3 al seg\u00fcent link:<br \/>\nhttps:\/\/educacio.gencat.cat\/ca\/serveis-tramits\/beques\/beques-postobligatoris\/<\/p>\n","protected":false},"author":1,"featured_media":4876,"comment_status":"open","ping_status":"closed","sticky":false,"template":"","format":"standard","meta":{"_bbp_topic_count":0,"_bbp_reply_count":0,"_bbp_total_topic_count":0,"_bbp_total_reply_count":0,"_bbp_voice_count":0,"_bbp_anonymous_reply_count":0,"_bbp_topic_count_hidden":0,"_bbp_reply_count_hidden":0,"_bbp_forum_subforum_count":0,"footnotes":""},"categories":[262],"tags":[],"class_list":["post-4875","post","type-post","status-publish","format-standard","has-post-thumbnail","hentry","category-noticies"],"post_mailing_queue_ids":[],"_links":{"self":[{"href":"https:\/\/agora.xtec.cat\/iesalmenar\/wp-json\/wp\/v2\/posts\/4875","targetHints":{"allow":["GET"]}}],"collection":[{"href":"https:\/\/agora.xtec.cat\/iesalmenar\/wp-json\/wp\/v2\/posts"}],"about":[{"href":"https:\/\/agora.xtec.cat\/iesalmenar\/wp-json\/wp\/v2\/types\/post"}],"author":[{"embeddable":true,"href":"https:\/\/agora.xtec.cat\/iesalmenar\/wp-json\/wp\/v2\/users\/1"}],"replies":[{"embeddable":true,"href":"https:\/\/agora.xtec.cat\/iesalmenar\/wp-json\/wp\/v2\/comments?post=4875"}],"version-history":[{"count":1,"href":"https:\/\/agora.xtec.cat\/iesalmenar\/wp-json\/wp\/v2\/posts\/4875\/revisions"}],"predecessor-version":[{"id":4877,"href":"https:\/\/agora.xtec.cat\/iesalmenar\/wp-json\/wp\/v2\/posts\/4875\/revisions\/4877"}],"wp:featuredmedia":[{"embeddable":true,"href":"https:\/\/agora.xtec.cat\/iesalmenar\/wp-json\/wp\/v2\/media\/4876"}],"wp:attachment":[{"href":"https:\/\/agora.xtec.cat\/iesalmenar\/wp-json\/wp\/v2\/media?parent=4875"}],"wp:term":[{"taxonomy":"category","embeddable":true,"href":"https:\/\/agora.xtec.cat\/iesalmenar\/wp-json\/wp\/v2\/categories?post=4875"},{"taxonomy":"post_tag","embeddable":true,"href":"https:\/\/agora.xtec.cat\/iesalmenar\/wp-json\/wp\/v2\/tags?post=4875"}],"curies":[{"name":"wp","href":"https:\/\/api.w.org\/{rel}","templated":true}]}}