{"id":4809,"date":"2024-03-05T12:24:45","date_gmt":"2024-03-05T11:24:45","guid":{"rendered":"https:\/\/agora.xtec.cat\/iesalmenar\/?p=4809"},"modified":"2024-03-13T09:46:33","modified_gmt":"2024-03-13T08:46:33","slug":"intercanvi-a-bonn-4t-deso","status":"publish","type":"post","link":"https:\/\/agora.xtec.cat\/iesalmenar\/noticies\/intercanvi-a-bonn-4t-deso\/","title":{"rendered":"Intercanvi a Bonn &#8211; 4t d&#8217;ESO."},"content":{"rendered":"<div data-offset-key=\"binfp-0-0\"><strong>Primera jornada:<\/strong><\/div>\n<div data-offset-key=\"binfp-0-0\">\u00a0<\/div>\n<div class=\"\" data-block=\"true\" data-editor=\"3q9hm\" data-offset-key=\"binfp-0-0\">\n<div class=\"_1mf _1mj\" data-offset-key=\"binfp-0-0\"><span data-offset-key=\"binfp-0-0\">Primer dia del nostre viatge d&#8217;intercanvi a Bonn amb alumnat de 4t d&#8217;ESO. <\/span><\/div>\n<\/div>\n<div class=\"\" data-block=\"true\" data-editor=\"3q9hm\" data-offset-key=\"bfmqd-0-0\">\n<div class=\"_1mf _1mj\" data-offset-key=\"bfmqd-0-0\"><span data-offset-key=\"bfmqd-0-0\">\u00a0<\/span><\/div>\n<\/div>\n<div class=\"\" data-block=\"true\" data-editor=\"3q9hm\" data-offset-key=\"b7pvc-0-0\">\n<div class=\"_1mf _1mj\" data-offset-key=\"b7pvc-0-0\"><span data-offset-key=\"b7pvc-0-0\">Una bona acollida i moltes relacions socials.<\/span><\/div>\n<\/div>\n<div data-offset-key=\"b7pvc-0-0\">\u00a0<\/div>\n<div data-offset-key=\"b7pvc-0-0\">\u00a0<\/div>\n<div data-offset-key=\"b7pvc-0-0\"><a href=\"https:\/\/agora.xtec.cat\/iesalmenar\/wp-content\/uploads\/usu784\/2024\/03\/WhatsApp-Image-2024-03-04-at-8.25.36-PM.jpeg\"><img loading=\"lazy\" decoding=\"async\" class=\"aligncenter size-medium wp-image-4811\" src=\"https:\/\/agora.xtec.cat\/iesalmenar\/wp-content\/uploads\/usu784\/2024\/03\/WhatsApp-Image-2024-03-04-at-8.25.36-PM-225x300.jpeg\" alt=\"\" width=\"225\" height=\"300\" srcset=\"https:\/\/agora.xtec.cat\/iesalmenar\/wp-content\/uploads\/usu784\/2024\/03\/WhatsApp-Image-2024-03-04-at-8.25.36-PM-225x300.jpeg 225w, https:\/\/agora.xtec.cat\/iesalmenar\/wp-content\/uploads\/usu784\/2024\/03\/WhatsApp-Image-2024-03-04-at-8.25.36-PM-768x1024.jpeg 768w, https:\/\/agora.xtec.cat\/iesalmenar\/wp-content\/uploads\/usu784\/2024\/03\/WhatsApp-Image-2024-03-04-at-8.25.36-PM-113x150.jpeg 113w, https:\/\/agora.xtec.cat\/iesalmenar\/wp-content\/uploads\/usu784\/2024\/03\/WhatsApp-Image-2024-03-04-at-8.25.36-PM-1152x1536.jpeg 1152w, https:\/\/agora.xtec.cat\/iesalmenar\/wp-content\/uploads\/usu784\/2024\/03\/WhatsApp-Image-2024-03-04-at-8.25.36-PM.jpeg 1500w\" sizes=\"auto, (max-width: 225px) 100vw, 225px\" \/><\/a><\/div>\n<div data-offset-key=\"b7pvc-0-0\">\u00a0<\/div>\n<div data-offset-key=\"b7pvc-0-0\"><strong>Segona jornada:<\/strong><\/div>\n<div data-offset-key=\"b7pvc-0-0\">\u00a0<\/div>\n<div data-offset-key=\"b7pvc-0-0\">Segona jornada d&#8217;intercanvi. Avui hem recorregut el centre hist\u00f2ric de Bonn tot completant una gimcana sota un delicat plugim. Tamb\u00e9 hem participat en una classe d&#8217;alemany i dues de conversa en castell\u00e0.<\/div>\n<div data-offset-key=\"b7pvc-0-0\">\u00a0<\/div>\n<div data-offset-key=\"b7pvc-0-0\"><a href=\"https:\/\/agora.xtec.cat\/iesalmenar\/wp-content\/uploads\/usu784\/2024\/03\/WhatsApp-Image-2024-03-05-at-4.51.40-PM.jpeg\"><img loading=\"lazy\" decoding=\"async\" class=\"aligncenter size-medium wp-image-4813\" src=\"https:\/\/agora.xtec.cat\/iesalmenar\/wp-content\/uploads\/usu784\/2024\/03\/WhatsApp-Image-2024-03-05-at-4.51.40-PM-300x225.jpeg\" alt=\"\" width=\"300\" height=\"225\" srcset=\"https:\/\/agora.xtec.cat\/iesalmenar\/wp-content\/uploads\/usu784\/2024\/03\/WhatsApp-Image-2024-03-05-at-4.51.40-PM-300x225.jpeg 300w, https:\/\/agora.xtec.cat\/iesalmenar\/wp-content\/uploads\/usu784\/2024\/03\/WhatsApp-Image-2024-03-05-at-4.51.40-PM-1024x769.jpeg 1024w, https:\/\/agora.xtec.cat\/iesalmenar\/wp-content\/uploads\/usu784\/2024\/03\/WhatsApp-Image-2024-03-05-at-4.51.40-PM-150x113.jpeg 150w, https:\/\/agora.xtec.cat\/iesalmenar\/wp-content\/uploads\/usu784\/2024\/03\/WhatsApp-Image-2024-03-05-at-4.51.40-PM-768x576.jpeg 768w, https:\/\/agora.xtec.cat\/iesalmenar\/wp-content\/uploads\/usu784\/2024\/03\/WhatsApp-Image-2024-03-05-at-4.51.40-PM-1536x1153.jpeg 1536w, https:\/\/agora.xtec.cat\/iesalmenar\/wp-content\/uploads\/usu784\/2024\/03\/WhatsApp-Image-2024-03-05-at-4.51.40-PM-200x150.jpeg 200w, https:\/\/agora.xtec.cat\/iesalmenar\/wp-content\/uploads\/usu784\/2024\/03\/WhatsApp-Image-2024-03-05-at-4.51.40-PM.jpeg 2048w\" sizes=\"auto, (max-width: 300px) 100vw, 300px\" \/><\/a><\/div>\n<div data-offset-key=\"b7pvc-0-0\"><strong>Tercera jornada:<\/strong><\/div>\n<div data-offset-key=\"b7pvc-0-0\">\u00a0<\/div>\n<div data-offset-key=\"b7pvc-0-0\">Tercer dia del nostre viatge: avui hem tingut l&#8217;oportunitat de visitar la ciutat de Col\u00f2nia, amb la seva impressionant catedral i els seus tresors. Hem gaudit coneixent el seu nucli hist\u00f2ric i els llocs m\u00e9s emblem\u00e0tics guiats pels nostres companys i companyes alemanyes.<\/div>\n<div data-offset-key=\"b7pvc-0-0\">\u00a0<\/div>\n<div data-offset-key=\"b7pvc-0-0\"><a href=\"https:\/\/agora.xtec.cat\/iesalmenar\/wp-content\/uploads\/usu784\/2024\/03\/WhatsApp-Image-2024-03-06-at-9.10.29-PM.jpeg\"><img loading=\"lazy\" decoding=\"async\" class=\"aligncenter size-medium wp-image-4815\" src=\"https:\/\/agora.xtec.cat\/iesalmenar\/wp-content\/uploads\/usu784\/2024\/03\/WhatsApp-Image-2024-03-06-at-9.10.29-PM-225x300.jpeg\" alt=\"\" width=\"225\" height=\"300\" srcset=\"https:\/\/agora.xtec.cat\/iesalmenar\/wp-content\/uploads\/usu784\/2024\/03\/WhatsApp-Image-2024-03-06-at-9.10.29-PM-225x300.jpeg 225w, https:\/\/agora.xtec.cat\/iesalmenar\/wp-content\/uploads\/usu784\/2024\/03\/WhatsApp-Image-2024-03-06-at-9.10.29-PM-768x1024.jpeg 768w, https:\/\/agora.xtec.cat\/iesalmenar\/wp-content\/uploads\/usu784\/2024\/03\/WhatsApp-Image-2024-03-06-at-9.10.29-PM-113x150.jpeg 113w, https:\/\/agora.xtec.cat\/iesalmenar\/wp-content\/uploads\/usu784\/2024\/03\/WhatsApp-Image-2024-03-06-at-9.10.29-PM-1152x1536.jpeg 1152w, https:\/\/agora.xtec.cat\/iesalmenar\/wp-content\/uploads\/usu784\/2024\/03\/WhatsApp-Image-2024-03-06-at-9.10.29-PM.jpeg 1200w\" sizes=\"auto, (max-width: 225px) 100vw, 225px\" \/><\/a><\/div>\n<div data-offset-key=\"b7pvc-0-0\">\u00a0<\/div>\n<div data-offset-key=\"b7pvc-0-0\">\n<div class=\"\" data-block=\"true\" data-editor=\"3matb\" data-offset-key=\"88i78-0-0\">\n<div class=\"_1mf _1mj\" data-offset-key=\"88i78-0-0\"><strong>Quarta jornada:<\/strong><\/div>\n<div data-offset-key=\"88i78-0-0\">\u00a0<\/div>\n<\/div>\n<div class=\"\" data-block=\"true\" data-editor=\"3matb\" data-offset-key=\"fl802-0-0\">\n<div class=\"_1mf _1mj\" data-offset-key=\"fl802-0-0\"><span data-offset-key=\"fl802-0-0\">Quart dia del nostre viatge. La primera part de la jornada l&#8217;hem passat visitant el Parc Rheinaue i l&#8217;antic barri governamental. Per la tarda, hem vist el Museu de la hist\u00f2ria d&#8217;Alemanya des del 1945.<\/span><\/div>\n<\/div>\n<\/div>\n<div data-offset-key=\"fl802-0-0\">\u00a0<\/div>\n<div data-offset-key=\"fl802-0-0\"><a href=\"https:\/\/agora.xtec.cat\/iesalmenar\/wp-content\/uploads\/usu784\/2024\/03\/WhatsApp-Image-2024-03-07-at-9.06.13-PM-2.jpeg\"><img loading=\"lazy\" decoding=\"async\" class=\"aligncenter size-medium wp-image-4823\" src=\"https:\/\/agora.xtec.cat\/iesalmenar\/wp-content\/uploads\/usu784\/2024\/03\/WhatsApp-Image-2024-03-07-at-9.06.13-PM-2-300x169.jpeg\" alt=\"\" width=\"300\" height=\"169\" srcset=\"https:\/\/agora.xtec.cat\/iesalmenar\/wp-content\/uploads\/usu784\/2024\/03\/WhatsApp-Image-2024-03-07-at-9.06.13-PM-2-300x169.jpeg 300w, https:\/\/agora.xtec.cat\/iesalmenar\/wp-content\/uploads\/usu784\/2024\/03\/WhatsApp-Image-2024-03-07-at-9.06.13-PM-2-1024x576.jpeg 1024w, https:\/\/agora.xtec.cat\/iesalmenar\/wp-content\/uploads\/usu784\/2024\/03\/WhatsApp-Image-2024-03-07-at-9.06.13-PM-2-150x84.jpeg 150w, https:\/\/agora.xtec.cat\/iesalmenar\/wp-content\/uploads\/usu784\/2024\/03\/WhatsApp-Image-2024-03-07-at-9.06.13-PM-2-768x432.jpeg 768w, https:\/\/agora.xtec.cat\/iesalmenar\/wp-content\/uploads\/usu784\/2024\/03\/WhatsApp-Image-2024-03-07-at-9.06.13-PM-2-1536x864.jpeg 1536w, https:\/\/agora.xtec.cat\/iesalmenar\/wp-content\/uploads\/usu784\/2024\/03\/WhatsApp-Image-2024-03-07-at-9.06.13-PM-2.jpeg 2000w\" sizes=\"auto, (max-width: 300px) 100vw, 300px\" \/><\/a><\/div>\n<div data-offset-key=\"b7pvc-0-0\">\u00a0<\/div>\n<div data-offset-key=\"b7pvc-0-0\">\u00a0<\/div>\n<div data-offset-key=\"b7pvc-0-0\"><strong>Cinquena jornada:<\/strong><\/div>\n<div data-offset-key=\"b7pvc-0-0\">\u00a0<\/div>\n<div data-offset-key=\"b7pvc-0-0\">Cinqu\u00e8 dia de l&#8217;intercanvi. Avui, com cada dia, el nostre alumnat ha participat en les classes dels seus companys alemanys. Tot seguit, hem pogut tastar i comprar les famoses llaminadures Haribo, origin\u00e0ries de Bonn.<\/div>\n<div data-offset-key=\"b7pvc-0-0\">\u00a0<\/div>\n<div data-offset-key=\"b7pvc-0-0\"><a href=\"https:\/\/agora.xtec.cat\/iesalmenar\/wp-content\/uploads\/usu784\/2024\/03\/WhatsApp-Image-2024-03-08-at-8.44.08-PM.jpeg\"><img loading=\"lazy\" decoding=\"async\" class=\"aligncenter size-medium wp-image-4825\" src=\"https:\/\/agora.xtec.cat\/iesalmenar\/wp-content\/uploads\/usu784\/2024\/03\/WhatsApp-Image-2024-03-08-at-8.44.08-PM-300x169.jpeg\" alt=\"\" width=\"300\" height=\"169\" srcset=\"https:\/\/agora.xtec.cat\/iesalmenar\/wp-content\/uploads\/usu784\/2024\/03\/WhatsApp-Image-2024-03-08-at-8.44.08-PM-300x169.jpeg 300w, https:\/\/agora.xtec.cat\/iesalmenar\/wp-content\/uploads\/usu784\/2024\/03\/WhatsApp-Image-2024-03-08-at-8.44.08-PM-1024x576.jpeg 1024w, https:\/\/agora.xtec.cat\/iesalmenar\/wp-content\/uploads\/usu784\/2024\/03\/WhatsApp-Image-2024-03-08-at-8.44.08-PM-150x84.jpeg 150w, https:\/\/agora.xtec.cat\/iesalmenar\/wp-content\/uploads\/usu784\/2024\/03\/WhatsApp-Image-2024-03-08-at-8.44.08-PM-768x432.jpeg 768w, https:\/\/agora.xtec.cat\/iesalmenar\/wp-content\/uploads\/usu784\/2024\/03\/WhatsApp-Image-2024-03-08-at-8.44.08-PM-1536x864.jpeg 1536w, https:\/\/agora.xtec.cat\/iesalmenar\/wp-content\/uploads\/usu784\/2024\/03\/WhatsApp-Image-2024-03-08-at-8.44.08-PM.jpeg 2000w\" sizes=\"auto, (max-width: 300px) 100vw, 300px\" \/><\/a><\/div>\n<div data-offset-key=\"b7pvc-0-0\">\u00a0<\/div>\n<div data-offset-key=\"b7pvc-0-0\"><strong>Tram final del viatge:<\/strong><\/div>\n<div data-offset-key=\"b7pvc-0-0\">\u00a0<\/div>\n<div data-offset-key=\"b7pvc-0-0\">\n<div class=\"\" data-block=\"true\" data-editor=\"7vvtk\" data-offset-key=\"7olht-0-0\">\n<div class=\"_1mf _1mj\" data-offset-key=\"7olht-0-0\"><span data-offset-key=\"7olht-0-0\">Ja som a la recta final del nostre intercanvi. Avui hem dedicat el mat\u00ed a con\u00e8ixer m\u00e9s a fons Beethoven. <\/span><\/div>\n<\/div>\n<div class=\"\" data-block=\"true\" data-editor=\"7vvtk\" data-offset-key=\"8nbm5-0-0\">\n<div class=\"_1mf _1mj\" data-offset-key=\"8nbm5-0-0\"><span data-offset-key=\"8nbm5-0-0\">Per la tarda, hem gaudit d&#8217;un p\u00edcnic de comiat amb les fam\u00edlies d&#8217;acollida.<\/span><\/div>\n<\/div>\n<\/div>\n<div data-offset-key=\"8nbm5-0-0\">\u00a0<\/div>\n<div data-offset-key=\"8nbm5-0-0\"><a href=\"https:\/\/agora.xtec.cat\/iesalmenar\/wp-content\/uploads\/usu784\/2024\/03\/WhatsApp-Image-2024-03-11-at-6.05.38-PM.jpeg\"><img loading=\"lazy\" decoding=\"async\" class=\"aligncenter size-medium wp-image-4833\" src=\"https:\/\/agora.xtec.cat\/iesalmenar\/wp-content\/uploads\/usu784\/2024\/03\/WhatsApp-Image-2024-03-11-at-6.05.38-PM-135x300.jpeg\" alt=\"\" width=\"135\" height=\"300\" srcset=\"https:\/\/agora.xtec.cat\/iesalmenar\/wp-content\/uploads\/usu784\/2024\/03\/WhatsApp-Image-2024-03-11-at-6.05.38-PM-135x300.jpeg 135w, https:\/\/agora.xtec.cat\/iesalmenar\/wp-content\/uploads\/usu784\/2024\/03\/WhatsApp-Image-2024-03-11-at-6.05.38-PM-461x1024.jpeg 461w, https:\/\/agora.xtec.cat\/iesalmenar\/wp-content\/uploads\/usu784\/2024\/03\/WhatsApp-Image-2024-03-11-at-6.05.38-PM-68x150.jpeg 68w, https:\/\/agora.xtec.cat\/iesalmenar\/wp-content\/uploads\/usu784\/2024\/03\/WhatsApp-Image-2024-03-11-at-6.05.38-PM-691x1536.jpeg 691w, https:\/\/agora.xtec.cat\/iesalmenar\/wp-content\/uploads\/usu784\/2024\/03\/WhatsApp-Image-2024-03-11-at-6.05.38-PM.jpeg 720w\" sizes=\"auto, (max-width: 135px) 100vw, 135px\" \/><\/a><\/div>\n<div data-offset-key=\"8nbm5-0-0\">\u00a0<\/div>\n<div data-offset-key=\"8nbm5-0-0\">\n<div class=\"\" data-block=\"true\" data-editor=\"5ksbs\" data-offset-key=\"4dnir-0-0\">\n<div class=\"_1mf _1mj\" data-offset-key=\"4dnir-0-0\"><strong>\u00daltim dia:<\/strong><\/div>\n<\/div>\n<div class=\"\" data-block=\"true\" data-editor=\"5ksbs\" data-offset-key=\"9k2dh-0-0\">\n<div class=\"_1mf _1mj\" data-offset-key=\"9k2dh-0-0\"><span data-offset-key=\"9k2dh-0-0\">Avui ja \u00e9s el dia de la nostra tornada. <\/span><\/div>\n<\/div>\n<div class=\"\" data-block=\"true\" data-editor=\"5ksbs\" data-offset-key=\"dpn27-0-0\">\n<div class=\"_1mf _1mj\" data-offset-key=\"dpn27-0-0\"><span data-offset-key=\"dpn27-0-0\">Primer hem fet una avaluaci\u00f3 i una reflexi\u00f3 del programa que hem seguit aquesta setmana. Tot seguit, ens hem dirigit a l&#8217;aeroport de K\u00f6ln-Bonn. <\/span><\/div>\n<\/div>\n<div class=\"\" data-block=\"true\" data-editor=\"5ksbs\" data-offset-key=\"bqq91-0-0\">\n<div class=\"_1mf _1mj\" data-offset-key=\"bqq91-0-0\"><span data-offset-key=\"bqq91-0-0\">I, al vespre, arrib\u00e0vem a casa amb els cors molt il\u00b7lusionats i les motxilles plenes de noves i interessants experi\u00e8ncies.<\/span><\/div>\n<\/div>\n<\/div>\n<div data-offset-key=\"bqq91-0-0\">\u00a0<\/div>\n<div data-offset-key=\"bqq91-0-0\"><a href=\"https:\/\/agora.xtec.cat\/iesalmenar\/wp-content\/uploads\/usu784\/2024\/03\/WhatsApp-Image-2024-03-12-at-6.20.51-PM-6.jpeg\"><img loading=\"lazy\" decoding=\"async\" class=\"aligncenter size-medium wp-image-4832\" src=\"https:\/\/agora.xtec.cat\/iesalmenar\/wp-content\/uploads\/usu784\/2024\/03\/WhatsApp-Image-2024-03-12-at-6.20.51-PM-6-300x169.jpeg\" alt=\"\" width=\"300\" height=\"169\" srcset=\"https:\/\/agora.xtec.cat\/iesalmenar\/wp-content\/uploads\/usu784\/2024\/03\/WhatsApp-Image-2024-03-12-at-6.20.51-PM-6-300x169.jpeg 300w, https:\/\/agora.xtec.cat\/iesalmenar\/wp-content\/uploads\/usu784\/2024\/03\/WhatsApp-Image-2024-03-12-at-6.20.51-PM-6-1024x576.jpeg 1024w, https:\/\/agora.xtec.cat\/iesalmenar\/wp-content\/uploads\/usu784\/2024\/03\/WhatsApp-Image-2024-03-12-at-6.20.51-PM-6-150x84.jpeg 150w, https:\/\/agora.xtec.cat\/iesalmenar\/wp-content\/uploads\/usu784\/2024\/03\/WhatsApp-Image-2024-03-12-at-6.20.51-PM-6-768x432.jpeg 768w, https:\/\/agora.xtec.cat\/iesalmenar\/wp-content\/uploads\/usu784\/2024\/03\/WhatsApp-Image-2024-03-12-at-6.20.51-PM-6-1536x864.jpeg 1536w, https:\/\/agora.xtec.cat\/iesalmenar\/wp-content\/uploads\/usu784\/2024\/03\/WhatsApp-Image-2024-03-12-at-6.20.51-PM-6.jpeg 2000w\" sizes=\"auto, (max-width: 300px) 100vw, 300px\" \/><\/a><\/div>\n<div data-offset-key=\"b7pvc-0-0\">\u00a0<\/div>\n<div data-offset-key=\"b7pvc-0-0\">Podeu trobar les diferents imatges del viatge en aquesta <a href=\"https:\/\/photos.app.goo.gl\/yaC6gprU6r4hj61s7\" target=\"_blank\" rel=\"noopener\">GALERIA<\/a>.<\/div>\n<div data-offset-key=\"b7pvc-0-0\">\u00a0<\/div>\n<div data-offset-key=\"b7pvc-0-0\">\u00a0<\/div>\n","protected":false},"excerpt":{"rendered":"<p>Primera jornada:<br \/>\n\u00a0<\/p>\n<p>Primer dia del nostre viatge d&#8217;intercanvi a Bonn amb alumnat de 4t d&#8217;ESO. <\/p>\n<p>\u00a0<\/p>\n<p>Una bona acollida i moltes relacions socials.<\/p>\n<p>\u00a0<br \/>\n\u00a0<br \/>\n<a href=\"https:\/\/agora.xtec.cat\/iesalmenar\/wp-content\/uploads\/usu784\/2024\/03\/WhatsApp-Image-2024-03-04-at-8.25.36-PM.jpeg\"><\/a><br \/>\n\u00a0<br \/>\nSegona jornada:<br \/>\n\u00a0<br \/>\nSegona jornada d&#8217;intercanvi. Avui hem recorregut el centre hist\u00f2ric de Bonn tot completant una gimcana sota un delicat plugim. Tamb\u00e9 hem participat en&hellip;  <a href=\"https:\/\/agora.xtec.cat\/iesalmenar\/noticies\/intercanvi-a-bonn-4t-deso\/\" title=\"Read Intercanvi a Bonn &#8211; 4t d&#8217;ESO.\">Llegeix m\u00e9s\u00bb<\/a><\/p>\n","protected":false},"author":1,"featured_media":4810,"comment_status":"open","ping_status":"closed","sticky":false,"template":"","format":"standard","meta":{"_bbp_topic_count":0,"_bbp_reply_count":0,"_bbp_total_topic_count":0,"_bbp_total_reply_count":0,"_bbp_voice_count":0,"_bbp_anonymous_reply_count":0,"_bbp_topic_count_hidden":0,"_bbp_reply_count_hidden":0,"_bbp_forum_subforum_count":0,"footnotes":""},"categories":[262],"tags":[],"class_list":["post-4809","post","type-post","status-publish","format-standard","has-post-thumbnail","hentry","category-noticies"],"post_mailing_queue_ids":[],"_links":{"self":[{"href":"https:\/\/agora.xtec.cat\/iesalmenar\/wp-json\/wp\/v2\/posts\/4809","targetHints":{"allow":["GET"]}}],"collection":[{"href":"https:\/\/agora.xtec.cat\/iesalmenar\/wp-json\/wp\/v2\/posts"}],"about":[{"href":"https:\/\/agora.xtec.cat\/iesalmenar\/wp-json\/wp\/v2\/types\/post"}],"author":[{"embeddable":true,"href":"https:\/\/agora.xtec.cat\/iesalmenar\/wp-json\/wp\/v2\/users\/1"}],"replies":[{"embeddable":true,"href":"https:\/\/agora.xtec.cat\/iesalmenar\/wp-json\/wp\/v2\/comments?post=4809"}],"version-history":[{"count":6,"href":"https:\/\/agora.xtec.cat\/iesalmenar\/wp-json\/wp\/v2\/posts\/4809\/revisions"}],"predecessor-version":[{"id":4834,"href":"https:\/\/agora.xtec.cat\/iesalmenar\/wp-json\/wp\/v2\/posts\/4809\/revisions\/4834"}],"wp:featuredmedia":[{"embeddable":true,"href":"https:\/\/agora.xtec.cat\/iesalmenar\/wp-json\/wp\/v2\/media\/4810"}],"wp:attachment":[{"href":"https:\/\/agora.xtec.cat\/iesalmenar\/wp-json\/wp\/v2\/media?parent=4809"}],"wp:term":[{"taxonomy":"category","embeddable":true,"href":"https:\/\/agora.xtec.cat\/iesalmenar\/wp-json\/wp\/v2\/categories?post=4809"},{"taxonomy":"post_tag","embeddable":true,"href":"https:\/\/agora.xtec.cat\/iesalmenar\/wp-json\/wp\/v2\/tags?post=4809"}],"curies":[{"name":"wp","href":"https:\/\/api.w.org\/{rel}","templated":true}]}}