{"id":4806,"date":"2024-03-05T12:10:37","date_gmt":"2024-03-05T11:10:37","guid":{"rendered":"https:\/\/agora.xtec.cat\/iesalmenar\/?p=4806"},"modified":"2024-03-05T12:10:37","modified_gmt":"2024-03-05T11:10:37","slug":"maquetes-sobre-els-diferents-models-atomics-3r-deso","status":"publish","type":"post","link":"https:\/\/agora.xtec.cat\/iesalmenar\/noticies\/maquetes-sobre-els-diferents-models-atomics-3r-deso\/","title":{"rendered":"Maquetes sobre els diferents models at\u00f2mics &#8211; 3r d&#8217;ESO"},"content":{"rendered":"<p>Durant aquest 2n trimestre els alumnes de 3r d&#8217;ESO han creat les seves pr\u00f2pies maquetes sobre els diferents models at\u00f2mics, aix\u00ed doncs han vist la qu\u00edmica de l&#8217;\u00e0tom des d&#8217;una altra perspectiva. \ud83e\uddea\u2697\ufe0f\u2622\ufe0f<\/p>\n<p>Podeu trobar algunes imatges m\u00e9s a la nostra <a href=\"https:\/\/photos.app.goo.gl\/x4kgWmifdU75uiWZA\" target=\"_blank\" rel=\"noopener\">GALERIA<\/a>.<\/p>\n","protected":false},"excerpt":{"rendered":"<p>Durant aquest 2n trimestre els alumnes de 3r d&#8217;ESO han creat les seves pr\u00f2pies maquetes sobre els diferents models at\u00f2mics, aix\u00ed doncs han vist la qu\u00edmica de l&#8217;\u00e0tom des d&#8217;una altra perspectiva. \ud83e\uddea\u2697\ufe0f\u2622\ufe0f<br \/>\nPodeu trobar algunes imatges m\u00e9s a la nostra <a href=\"https:\/\/photos.app.goo.gl\/x4kgWmifdU75uiWZA\" target=\"_blank\" rel=\"noopener\">GALERIA<\/a>.<\/p>\n","protected":false},"author":1,"featured_media":4807,"comment_status":"open","ping_status":"closed","sticky":false,"template":"","format":"standard","meta":{"_bbp_topic_count":0,"_bbp_reply_count":0,"_bbp_total_topic_count":0,"_bbp_total_reply_count":0,"_bbp_voice_count":0,"_bbp_anonymous_reply_count":0,"_bbp_topic_count_hidden":0,"_bbp_reply_count_hidden":0,"_bbp_forum_subforum_count":0,"footnotes":""},"categories":[262],"tags":[],"class_list":["post-4806","post","type-post","status-publish","format-standard","has-post-thumbnail","hentry","category-noticies"],"post_mailing_queue_ids":[],"_links":{"self":[{"href":"https:\/\/agora.xtec.cat\/iesalmenar\/wp-json\/wp\/v2\/posts\/4806","targetHints":{"allow":["GET"]}}],"collection":[{"href":"https:\/\/agora.xtec.cat\/iesalmenar\/wp-json\/wp\/v2\/posts"}],"about":[{"href":"https:\/\/agora.xtec.cat\/iesalmenar\/wp-json\/wp\/v2\/types\/post"}],"author":[{"embeddable":true,"href":"https:\/\/agora.xtec.cat\/iesalmenar\/wp-json\/wp\/v2\/users\/1"}],"replies":[{"embeddable":true,"href":"https:\/\/agora.xtec.cat\/iesalmenar\/wp-json\/wp\/v2\/comments?post=4806"}],"version-history":[{"count":1,"href":"https:\/\/agora.xtec.cat\/iesalmenar\/wp-json\/wp\/v2\/posts\/4806\/revisions"}],"predecessor-version":[{"id":4808,"href":"https:\/\/agora.xtec.cat\/iesalmenar\/wp-json\/wp\/v2\/posts\/4806\/revisions\/4808"}],"wp:featuredmedia":[{"embeddable":true,"href":"https:\/\/agora.xtec.cat\/iesalmenar\/wp-json\/wp\/v2\/media\/4807"}],"wp:attachment":[{"href":"https:\/\/agora.xtec.cat\/iesalmenar\/wp-json\/wp\/v2\/media?parent=4806"}],"wp:term":[{"taxonomy":"category","embeddable":true,"href":"https:\/\/agora.xtec.cat\/iesalmenar\/wp-json\/wp\/v2\/categories?post=4806"},{"taxonomy":"post_tag","embeddable":true,"href":"https:\/\/agora.xtec.cat\/iesalmenar\/wp-json\/wp\/v2\/tags?post=4806"}],"curies":[{"name":"wp","href":"https:\/\/api.w.org\/{rel}","templated":true}]}}