{"id":4746,"date":"2024-02-21T15:44:40","date_gmt":"2024-02-21T14:44:40","guid":{"rendered":"https:\/\/agora.xtec.cat\/iesalmenar\/?p=4746"},"modified":"2024-02-21T15:45:26","modified_gmt":"2024-02-21T14:45:26","slug":"dia-internacional-de-la-llengua-materna","status":"publish","type":"post","link":"https:\/\/agora.xtec.cat\/iesalmenar\/noticies\/dia-internacional-de-la-llengua-materna\/","title":{"rendered":"Dia Internacional de la Llengua Materna"},"content":{"rendered":"<p>Avui 21 de febrer \u00e9s el Dia Internacional de la Llengua Materna per donar visibilitat a totes les lleng\u00fces del m\u00f3n. <br \/>\nLa llengua que parlem \u00e9s la nostra identitat i a l&#8217;Aula d&#8217;Acollida ho hem treballat fent un cercle ling\u00fc\u00edstic, un mural amb les nostres paraules preferides i creant un arbre amb la frase &#8220;Jo soc la llengua que parlo&#8221; donant a con\u00e8ixer totes les lleng\u00fces que esparlen al nostre centre.<\/p>\n<p><a href=\"https:\/\/agora.xtec.cat\/iesalmenar\/wp-content\/uploads\/usu784\/2024\/02\/WhatsApp-Image-2024-02-21-at-1.10.46-PM.jpeg\"><img loading=\"lazy\" decoding=\"async\" class=\"aligncenter size-medium wp-image-4747\" src=\"https:\/\/agora.xtec.cat\/iesalmenar\/wp-content\/uploads\/usu784\/2024\/02\/WhatsApp-Image-2024-02-21-at-1.10.46-PM-300x225.jpeg\" alt=\"\" width=\"300\" height=\"225\" srcset=\"https:\/\/agora.xtec.cat\/iesalmenar\/wp-content\/uploads\/usu784\/2024\/02\/WhatsApp-Image-2024-02-21-at-1.10.46-PM-300x225.jpeg 300w, https:\/\/agora.xtec.cat\/iesalmenar\/wp-content\/uploads\/usu784\/2024\/02\/WhatsApp-Image-2024-02-21-at-1.10.46-PM-1024x768.jpeg 1024w, https:\/\/agora.xtec.cat\/iesalmenar\/wp-content\/uploads\/usu784\/2024\/02\/WhatsApp-Image-2024-02-21-at-1.10.46-PM-150x113.jpeg 150w, https:\/\/agora.xtec.cat\/iesalmenar\/wp-content\/uploads\/usu784\/2024\/02\/WhatsApp-Image-2024-02-21-at-1.10.46-PM-768x576.jpeg 768w, https:\/\/agora.xtec.cat\/iesalmenar\/wp-content\/uploads\/usu784\/2024\/02\/WhatsApp-Image-2024-02-21-at-1.10.46-PM-1536x1152.jpeg 1536w, https:\/\/agora.xtec.cat\/iesalmenar\/wp-content\/uploads\/usu784\/2024\/02\/WhatsApp-Image-2024-02-21-at-1.10.46-PM-200x150.jpeg 200w, https:\/\/agora.xtec.cat\/iesalmenar\/wp-content\/uploads\/usu784\/2024\/02\/WhatsApp-Image-2024-02-21-at-1.10.46-PM.jpeg 2000w\" sizes=\"auto, (max-width: 300px) 100vw, 300px\" \/><\/a><\/p>\n<p>&nbsp;<\/p>\n<p><a href=\"https:\/\/agora.xtec.cat\/iesalmenar\/wp-content\/uploads\/usu784\/2024\/02\/WhatsApp-Image-2024-02-21-at-12.51.37-PM-4.jpeg\"><img loading=\"lazy\" decoding=\"async\" class=\"aligncenter size-medium wp-image-4748\" src=\"https:\/\/agora.xtec.cat\/iesalmenar\/wp-content\/uploads\/usu784\/2024\/02\/WhatsApp-Image-2024-02-21-at-12.51.37-PM-4-225x300.jpeg\" alt=\"\" width=\"225\" height=\"300\" srcset=\"https:\/\/agora.xtec.cat\/iesalmenar\/wp-content\/uploads\/usu784\/2024\/02\/WhatsApp-Image-2024-02-21-at-12.51.37-PM-4-225x300.jpeg 225w, https:\/\/agora.xtec.cat\/iesalmenar\/wp-content\/uploads\/usu784\/2024\/02\/WhatsApp-Image-2024-02-21-at-12.51.37-PM-4-768x1024.jpeg 768w, https:\/\/agora.xtec.cat\/iesalmenar\/wp-content\/uploads\/usu784\/2024\/02\/WhatsApp-Image-2024-02-21-at-12.51.37-PM-4-113x150.jpeg 113w, https:\/\/agora.xtec.cat\/iesalmenar\/wp-content\/uploads\/usu784\/2024\/02\/WhatsApp-Image-2024-02-21-at-12.51.37-PM-4-1152x1536.jpeg 1152w, https:\/\/agora.xtec.cat\/iesalmenar\/wp-content\/uploads\/usu784\/2024\/02\/WhatsApp-Image-2024-02-21-at-12.51.37-PM-4.jpeg 1500w\" sizes=\"auto, (max-width: 225px) 100vw, 225px\" \/><\/a><\/p>\n","protected":false},"excerpt":{"rendered":"<p>Avui 21 de febrer \u00e9s el Dia Internacional de la Llengua Materna per donar visibilitat a totes les lleng\u00fces del m\u00f3n.<br \/>\nLa llengua que parlem \u00e9s la nostra identitat i a l&#8217;Aula d&#8217;Acollida ho hem treballat fent un cercle ling\u00fc\u00edstic, un mural amb les nostres&hellip;  <a href=\"https:\/\/agora.xtec.cat\/iesalmenar\/noticies\/dia-internacional-de-la-llengua-materna\/\" title=\"Read Dia Internacional de la Llengua Materna\">Llegeix m\u00e9s\u00bb<\/a><\/p>\n","protected":false},"author":1,"featured_media":4749,"comment_status":"open","ping_status":"closed","sticky":false,"template":"","format":"standard","meta":{"_bbp_topic_count":0,"_bbp_reply_count":0,"_bbp_total_topic_count":0,"_bbp_total_reply_count":0,"_bbp_voice_count":0,"_bbp_anonymous_reply_count":0,"_bbp_topic_count_hidden":0,"_bbp_reply_count_hidden":0,"_bbp_forum_subforum_count":0,"footnotes":""},"categories":[262],"tags":[],"class_list":["post-4746","post","type-post","status-publish","format-standard","has-post-thumbnail","hentry","category-noticies"],"post_mailing_queue_ids":[],"_links":{"self":[{"href":"https:\/\/agora.xtec.cat\/iesalmenar\/wp-json\/wp\/v2\/posts\/4746","targetHints":{"allow":["GET"]}}],"collection":[{"href":"https:\/\/agora.xtec.cat\/iesalmenar\/wp-json\/wp\/v2\/posts"}],"about":[{"href":"https:\/\/agora.xtec.cat\/iesalmenar\/wp-json\/wp\/v2\/types\/post"}],"author":[{"embeddable":true,"href":"https:\/\/agora.xtec.cat\/iesalmenar\/wp-json\/wp\/v2\/users\/1"}],"replies":[{"embeddable":true,"href":"https:\/\/agora.xtec.cat\/iesalmenar\/wp-json\/wp\/v2\/comments?post=4746"}],"version-history":[{"count":1,"href":"https:\/\/agora.xtec.cat\/iesalmenar\/wp-json\/wp\/v2\/posts\/4746\/revisions"}],"predecessor-version":[{"id":4750,"href":"https:\/\/agora.xtec.cat\/iesalmenar\/wp-json\/wp\/v2\/posts\/4746\/revisions\/4750"}],"wp:featuredmedia":[{"embeddable":true,"href":"https:\/\/agora.xtec.cat\/iesalmenar\/wp-json\/wp\/v2\/media\/4749"}],"wp:attachment":[{"href":"https:\/\/agora.xtec.cat\/iesalmenar\/wp-json\/wp\/v2\/media?parent=4746"}],"wp:term":[{"taxonomy":"category","embeddable":true,"href":"https:\/\/agora.xtec.cat\/iesalmenar\/wp-json\/wp\/v2\/categories?post=4746"},{"taxonomy":"post_tag","embeddable":true,"href":"https:\/\/agora.xtec.cat\/iesalmenar\/wp-json\/wp\/v2\/tags?post=4746"}],"curies":[{"name":"wp","href":"https:\/\/api.w.org\/{rel}","templated":true}]}}