{"id":4701,"date":"2024-02-14T12:30:04","date_gmt":"2024-02-14T11:30:04","guid":{"rendered":"https:\/\/agora.xtec.cat\/iesalmenar\/?p=4701"},"modified":"2024-02-14T12:30:04","modified_gmt":"2024-02-14T11:30:04","slug":"esquiada-2024","status":"publish","type":"post","link":"https:\/\/agora.xtec.cat\/iesalmenar\/noticies\/esquiada-2024\/","title":{"rendered":"Esquiada 2024"},"content":{"rendered":"<p>Alumnes de 1r a 4t d&#8217;ESO han anat a esquiar a Portain\u00e9 aquest dijous i divendres. Han realitzat classes d&#8217;esqu\u00ed i snowboard per tal de perfeccionar la t\u00e8cnica d&#8217;aquests esports. Hem pogut gaudir de la neu i tots hem apr\u00e8s molt.<\/p>\n<p>Podeu trobar totes les imatges a la nostra <a href=\"https:\/\/photos.app.goo.gl\/FLR2ch7G9xAcvqr39\" target=\"_blank\" rel=\"noopener\">GALERIA<\/a>.<\/p>\n","protected":false},"excerpt":{"rendered":"<p>Alumnes de 1r a 4t d&#8217;ESO han anat a esquiar a Portain\u00e9 aquest dijous i divendres. Han realitzat classes d&#8217;esqu\u00ed i snowboard per tal de perfeccionar la t\u00e8cnica d&#8217;aquests esports. Hem pogut gaudir de la neu i tots hem apr\u00e8s molt.<br \/>\nPodeu trobar totes les imatges&hellip;  <a href=\"https:\/\/agora.xtec.cat\/iesalmenar\/noticies\/esquiada-2024\/\" title=\"Read Esquiada 2024\">Llegeix m\u00e9s\u00bb<\/a><\/p>\n","protected":false},"author":1,"featured_media":4702,"comment_status":"open","ping_status":"closed","sticky":false,"template":"","format":"standard","meta":{"_bbp_topic_count":0,"_bbp_reply_count":0,"_bbp_total_topic_count":0,"_bbp_total_reply_count":0,"_bbp_voice_count":0,"_bbp_anonymous_reply_count":0,"_bbp_topic_count_hidden":0,"_bbp_reply_count_hidden":0,"_bbp_forum_subforum_count":0,"footnotes":""},"categories":[262],"tags":[],"class_list":["post-4701","post","type-post","status-publish","format-standard","has-post-thumbnail","hentry","category-noticies"],"post_mailing_queue_ids":[],"_links":{"self":[{"href":"https:\/\/agora.xtec.cat\/iesalmenar\/wp-json\/wp\/v2\/posts\/4701","targetHints":{"allow":["GET"]}}],"collection":[{"href":"https:\/\/agora.xtec.cat\/iesalmenar\/wp-json\/wp\/v2\/posts"}],"about":[{"href":"https:\/\/agora.xtec.cat\/iesalmenar\/wp-json\/wp\/v2\/types\/post"}],"author":[{"embeddable":true,"href":"https:\/\/agora.xtec.cat\/iesalmenar\/wp-json\/wp\/v2\/users\/1"}],"replies":[{"embeddable":true,"href":"https:\/\/agora.xtec.cat\/iesalmenar\/wp-json\/wp\/v2\/comments?post=4701"}],"version-history":[{"count":1,"href":"https:\/\/agora.xtec.cat\/iesalmenar\/wp-json\/wp\/v2\/posts\/4701\/revisions"}],"predecessor-version":[{"id":4703,"href":"https:\/\/agora.xtec.cat\/iesalmenar\/wp-json\/wp\/v2\/posts\/4701\/revisions\/4703"}],"wp:featuredmedia":[{"embeddable":true,"href":"https:\/\/agora.xtec.cat\/iesalmenar\/wp-json\/wp\/v2\/media\/4702"}],"wp:attachment":[{"href":"https:\/\/agora.xtec.cat\/iesalmenar\/wp-json\/wp\/v2\/media?parent=4701"}],"wp:term":[{"taxonomy":"category","embeddable":true,"href":"https:\/\/agora.xtec.cat\/iesalmenar\/wp-json\/wp\/v2\/categories?post=4701"},{"taxonomy":"post_tag","embeddable":true,"href":"https:\/\/agora.xtec.cat\/iesalmenar\/wp-json\/wp\/v2\/tags?post=4701"}],"curies":[{"name":"wp","href":"https:\/\/api.w.org\/{rel}","templated":true}]}}