{"id":4691,"date":"2024-02-14T12:14:02","date_gmt":"2024-02-14T11:14:02","guid":{"rendered":"https:\/\/agora.xtec.cat\/iesalmenar\/?p=4691"},"modified":"2024-02-14T12:16:12","modified_gmt":"2024-02-14T11:16:12","slug":"activitat-plantem-pel-planeta","status":"publish","type":"post","link":"https:\/\/agora.xtec.cat\/iesalmenar\/noticies\/activitat-plantem-pel-planeta\/","title":{"rendered":"Activitat &#8220;Plantem pel Planeta&#8221;"},"content":{"rendered":"<p>L&#8217;institut d&#8217;Almenar participa un any m\u00e9s a l&#8217;activitat &#8220;Plantem pel Planeta&#8221;.<\/p>\n<ul>\n<li>El dimarts 13 de febrer l&#8217;Escola Agr\u00e0ria d&#8217;Alfarr\u00e0s ens ajudar\u00e0 a sembrar per al curs vinent.<\/li>\n<li>Dimecres 21 de febrer, els alumnes de 3r d&#8217;ESO, plantaran a Alguaire.<\/li>\n<li>Dimarts 27 de febrer, els alumnes de 2n d&#8217;ESO, plantaran a Almenar.<\/li>\n<li>Dijous 21 de mar\u00e7 ser\u00e0 el torn de l&#8217;alumnat de 1r d&#8217;ESO que plantaran a Alfarr\u00e0s.<\/li>\n<\/ul>\n<p>Aquest dilluns s&#8217;ha realitzat la primera sessi\u00f3. L&#8217;alumnat de 1r d&#8217;ESO ha anat a sembrar el que es plantar\u00e0 el curs vinent. Una activitat que s&#8217;ha pogut dur a terme gr\u00e0cies a la col.laboraci\u00f3 de l&#8217;Escola Agr\u00e0ria d&#8217;Alfarr\u00e0s que, a m\u00e9s a m\u00e9s d&#8217;organitzar la propagaci\u00f3 de plantes, ha preparat dues activitats m\u00e9s que han perm\u00e8s a l&#8217;alumnat con\u00e8ixer el laberint de l&#8217;escola i endinsar-se en l&#8217;agricultura digital.<\/p>\n<p>Podeu trobar totes les imatges a la nostra <a href=\"https:\/\/photos.app.goo.gl\/zZ5jnoyKh5ZECgnq5\" target=\"_blank\" rel=\"noopener\">GALERIA<\/a>.\u00a0<\/p>\n","protected":false},"excerpt":{"rendered":"<p>L&#8217;institut d&#8217;Almenar participa un any m\u00e9s a l&#8217;activitat &#8220;Plantem pel Planeta&#8221;.<\/p>\n<ul>\n<li>El dimarts 13 de febrer l&#8217;Escola Agr\u00e0ria d&#8217;Alfarr\u00e0s ens ajudar\u00e0 a sembrar per al curs vinent.<\/li>\n<li>Dimecres 21 de febrer, els alumnes de 3r d&#8217;ESO, plantaran a Alguaire.<\/li>\n<li>Dimarts 27 de febrer, els alumnes de 2n d&#8217;ESO,&hellip;  <a href=\"https:\/\/agora.xtec.cat\/iesalmenar\/noticies\/activitat-plantem-pel-planeta\/\" title=\"Read Activitat &#8220;Plantem pel Planeta&#8221;\">Llegeix m\u00e9s\u00bb<\/a><br \/>\n","protected":false},"author":1,"featured_media":4692,"comment_status":"open","ping_status":"closed","sticky":false,"template":"","format":"standard","meta":{"_bbp_topic_count":0,"_bbp_reply_count":0,"_bbp_total_topic_count":0,"_bbp_total_reply_count":0,"_bbp_voice_count":0,"_bbp_anonymous_reply_count":0,"_bbp_topic_count_hidden":0,"_bbp_reply_count_hidden":0,"_bbp_forum_subforum_count":0,"footnotes":""},"categories":[262],"tags":[],"class_list":["post-4691","post","type-post","status-publish","format-standard","has-post-thumbnail","hentry","category-noticies"],"post_mailing_queue_ids":[],"_links":{"self":[{"href":"https:\/\/agora.xtec.cat\/iesalmenar\/wp-json\/wp\/v2\/posts\/4691","targetHints":{"allow":["GET"]}}],"collection":[{"href":"https:\/\/agora.xtec.cat\/iesalmenar\/wp-json\/wp\/v2\/posts"}],"about":[{"href":"https:\/\/agora.xtec.cat\/iesalmenar\/wp-json\/wp\/v2\/types\/post"}],"author":[{"embeddable":true,"href":"https:\/\/agora.xtec.cat\/iesalmenar\/wp-json\/wp\/v2\/users\/1"}],"replies":[{"embeddable":true,"href":"https:\/\/agora.xtec.cat\/iesalmenar\/wp-json\/wp\/v2\/comments?post=4691"}],"version-history":[{"count":1,"href":"https:\/\/agora.xtec.cat\/iesalmenar\/wp-json\/wp\/v2\/posts\/4691\/revisions"}],"predecessor-version":[{"id":4693,"href":"https:\/\/agora.xtec.cat\/iesalmenar\/wp-json\/wp\/v2\/posts\/4691\/revisions\/4693"}],"wp:featuredmedia":[{"embeddable":true,"href":"https:\/\/agora.xtec.cat\/iesalmenar\/wp-json\/wp\/v2\/media\/4692"}],"wp:attachment":[{"href":"https:\/\/agora.xtec.cat\/iesalmenar\/wp-json\/wp\/v2\/media?parent=4691"}],"wp:term":[{"taxonomy":"category","embeddable":true,"href":"https:\/\/agora.xtec.cat\/iesalmenar\/wp-json\/wp\/v2\/categories?post=4691"},{"taxonomy":"post_tag","embeddable":true,"href":"https:\/\/agora.xtec.cat\/iesalmenar\/wp-json\/wp\/v2\/tags?post=4691"}],"curies":[{"name":"wp","href":"https:\/\/api.w.org\/{rel}","templated":true}]}}