{"id":4545,"date":"2023-10-11T16:25:01","date_gmt":"2023-10-11T16:25:01","guid":{"rendered":"https:\/\/insalmenar.cat\/?p=1892"},"modified":"2024-02-08T12:28:30","modified_gmt":"2024-02-08T11:28:30","slug":"festa-de-jubilacio","status":"publish","type":"post","link":"https:\/\/agora.xtec.cat\/iesalmenar\/noticies\/festa-de-jubilacio\/","title":{"rendered":"Festa de jubilaci\u00f3"},"content":{"rendered":"\r\n<p>El passat divendres 6 d&#8217;octubre vam celebrar la festa de jubilaci\u00f3 de la Carme Llaberia, la Gl\u00f2ria Tom\u00e0s, l&#8217;Antoni Rondan, el Jes\u00fas Burgu\u00e8s i la Bel\u00e9n Garc\u00eda del Muro.<\/p>\r\n\r\n\r\n<p>El dinar es va fer a la casa rural Ca La Ferratina d&#8217;Ivars de Noguera i va ser una festa molt emotiva.<\/p>\r\n\r\n\r\n<p>Us volem donar les gr\u00e0cies als 5 per la vostra tasca docent, el vostre esfor\u00e7 i la vostra dedicaci\u00f3 a l&#8217;Institut d&#8217;Almenar durant tots aquests anys.<\/p>\r\n\r\n\r\n<p>L&#8217;Institiut d&#8217;Almenar sempre ser\u00e0 casa vostra, us desitgem el millor en aquesta nova etapa de la vostra vida.<\/p>\r\n\r\n\r\n<p><a href=\"https:\/\/www.facebook.com\/hashtag\/adninsalmenar?__eep__=6&amp;__cft__[0]=AZW_P1jZP2oQWxwkUAYzg8FhgBGlO32VWAjky1bAECi5gx1Qgd-jbdqsK2XRaXCD9QJBRcGQHoCEyZiYSfxODq677yfxSjJubpqsldjpyPQdJi_7w_ia0Bj-olek7crSMhE&amp;__tn__=*NK-R\" target=\"_blank\" rel=\"noreferrer noopener\">#adninsalmenar<\/a><a href=\"https:\/\/www.facebook.com\/hashtag\/orgullosament?__eep__=6&amp;__cft__[0]=AZW_P1jZP2oQWxwkUAYzg8FhgBGlO32VWAjky1bAECi5gx1Qgd-jbdqsK2XRaXCD9QJBRcGQHoCEyZiYSfxODq677yfxSjJubpqsldjpyPQdJi_7w_ia0Bj-olek7crSMhE&amp;__tn__=*NK-R\" target=\"_blank\" rel=\"noreferrer noopener\"> #orgullosament<\/a><\/p>\r\n","protected":false},"excerpt":{"rendered":"<p>El passat divendres 6 d&#8217;octubre vam celebrar la festa de jubilaci\u00f3 de la Carme Llaberia, la Gl\u00f2ria Tom\u00e0s, l&#8217;Antoni Rondan, el Jes\u00fas Burgu\u00e8s i la Bel\u00e9n Garc\u00eda del Muro.<\/p>\n<p>El dinar es va fer a la casa rural Ca La Ferratina d&#8217;Ivars de Noguera i va&hellip;  <a href=\"https:\/\/agora.xtec.cat\/iesalmenar\/noticies\/festa-de-jubilacio\/\" title=\"Read Festa de jubilaci\u00f3\">Llegeix m\u00e9s\u00bb<\/a><\/p>\n","protected":false},"author":1,"featured_media":4640,"comment_status":"closed","ping_status":"closed","sticky":false,"template":"","format":"standard","meta":{"_bbp_topic_count":0,"_bbp_reply_count":0,"_bbp_total_topic_count":0,"_bbp_total_reply_count":0,"_bbp_voice_count":0,"_bbp_anonymous_reply_count":0,"_bbp_topic_count_hidden":0,"_bbp_reply_count_hidden":0,"_bbp_forum_subforum_count":0,"footnotes":""},"categories":[262],"tags":[],"class_list":["post-4545","post","type-post","status-publish","format-standard","has-post-thumbnail","hentry","category-noticies"],"post_mailing_queue_ids":[],"_links":{"self":[{"href":"https:\/\/agora.xtec.cat\/iesalmenar\/wp-json\/wp\/v2\/posts\/4545","targetHints":{"allow":["GET"]}}],"collection":[{"href":"https:\/\/agora.xtec.cat\/iesalmenar\/wp-json\/wp\/v2\/posts"}],"about":[{"href":"https:\/\/agora.xtec.cat\/iesalmenar\/wp-json\/wp\/v2\/types\/post"}],"author":[{"embeddable":true,"href":"https:\/\/agora.xtec.cat\/iesalmenar\/wp-json\/wp\/v2\/users\/1"}],"replies":[{"embeddable":true,"href":"https:\/\/agora.xtec.cat\/iesalmenar\/wp-json\/wp\/v2\/comments?post=4545"}],"version-history":[{"count":1,"href":"https:\/\/agora.xtec.cat\/iesalmenar\/wp-json\/wp\/v2\/posts\/4545\/revisions"}],"predecessor-version":[{"id":4641,"href":"https:\/\/agora.xtec.cat\/iesalmenar\/wp-json\/wp\/v2\/posts\/4545\/revisions\/4641"}],"wp:featuredmedia":[{"embeddable":true,"href":"https:\/\/agora.xtec.cat\/iesalmenar\/wp-json\/wp\/v2\/media\/4640"}],"wp:attachment":[{"href":"https:\/\/agora.xtec.cat\/iesalmenar\/wp-json\/wp\/v2\/media?parent=4545"}],"wp:term":[{"taxonomy":"category","embeddable":true,"href":"https:\/\/agora.xtec.cat\/iesalmenar\/wp-json\/wp\/v2\/categories?post=4545"},{"taxonomy":"post_tag","embeddable":true,"href":"https:\/\/agora.xtec.cat\/iesalmenar\/wp-json\/wp\/v2\/tags?post=4545"}],"curies":[{"name":"wp","href":"https:\/\/api.w.org\/{rel}","templated":true}]}}