{"id":1963,"date":"2023-12-19T22:19:18","date_gmt":"2023-12-19T22:19:18","guid":{"rendered":"https:\/\/insalmenar.cat\/?p=1963"},"modified":"2024-02-08T12:24:50","modified_gmt":"2024-02-08T11:24:50","slug":"lapbook-2n-del-cicle-formatiu","status":"publish","type":"post","link":"https:\/\/agora.xtec.cat\/iesalmenar\/noticies\/lapbook-2n-del-cicle-formatiu\/","title":{"rendered":"&#8220;Lapbook&#8221; &#8211; 2n del Cicle Formatiu"},"content":{"rendered":"\r\n<p>Els alumnes de 2 del Cicle Formatiu han treballat el &#8220;lapbook&#8221;.<\/p>\r\n\r\n\r\n<p>Un lapbook \u00e9s una cartulina que s&#8217;utilitza per presentar informaci\u00f3 d&#8217;un tema, en aquest cas sobre l&#8217;empresa.<\/p>\r\n\r\n\r\n<p>Dintre del lapbook hi ha finestres, solapes, fotos, dibuixos que tenen informaci\u00f3 sobre diversos temes.<\/p>\r\n\r\n\r\n<p>Els alumnes han treballat:<\/p>\r\n\r\n\r\n<p>La Uni\u00f3 Europea. T\u00e8cniques de motivaci\u00f3. Quins impostos paga el Bar\u00e7a. Tecn\u00f2logia i innovaci\u00f3.<\/p>\r\n\r\n\r\n<p>La comunicaci\u00f3 en l&#8217;empresa. Contractes i modalitats. Creaci\u00f3 i posada en funcionament d&#8217;una empresa.<\/p>\r\n\r\n\r\n<figure class=\"wp-block-image size-large is-resized\"><img decoding=\"async\" class=\"wp-image-1965\" style=\"width: 374px; height: auto;\" src=\"https:\/\/insalmenar.cat\/wp-content\/uploads\/2023\/12\/20231218_114821-1-576x1024.jpg\" alt=\"\" \/><\/figure>\r\n","protected":false},"excerpt":{"rendered":"<p>Els alumnes de 2 del Cicle Formatiu han treballat el &#8220;lapbook&#8221;.<\/p>\n<p>Un lapbook \u00e9s una cartulina que s&#8217;utilitza per presentar informaci\u00f3 d&#8217;un tema, en aquest cas sobre l&#8217;empresa.<\/p>\n<p>Dintre del lapbook hi ha finestres, solapes, fotos, dibuixos que tenen informaci\u00f3 sobre diversos temes.<\/p>\n<p>Els alumnes han treballat:<\/p>\n<p>La Uni\u00f3&hellip;  <a href=\"https:\/\/agora.xtec.cat\/iesalmenar\/noticies\/lapbook-2n-del-cicle-formatiu\/\" title=\"Read &#8220;Lapbook&#8221; &#8211; 2n del Cicle Formatiu\">Llegeix m\u00e9s\u00bb<\/a><\/p>\n","protected":false},"author":1,"featured_media":4623,"comment_status":"closed","ping_status":"closed","sticky":false,"template":"","format":"standard","meta":{"_bbp_topic_count":0,"_bbp_reply_count":0,"_bbp_total_topic_count":0,"_bbp_total_reply_count":0,"_bbp_voice_count":0,"_bbp_anonymous_reply_count":0,"_bbp_topic_count_hidden":0,"_bbp_reply_count_hidden":0,"_bbp_forum_subforum_count":0,"footnotes":""},"categories":[262],"tags":[],"class_list":["post-1963","post","type-post","status-publish","format-standard","has-post-thumbnail","hentry","category-noticies"],"post_mailing_queue_ids":[],"_links":{"self":[{"href":"https:\/\/agora.xtec.cat\/iesalmenar\/wp-json\/wp\/v2\/posts\/1963","targetHints":{"allow":["GET"]}}],"collection":[{"href":"https:\/\/agora.xtec.cat\/iesalmenar\/wp-json\/wp\/v2\/posts"}],"about":[{"href":"https:\/\/agora.xtec.cat\/iesalmenar\/wp-json\/wp\/v2\/types\/post"}],"author":[{"embeddable":true,"href":"https:\/\/agora.xtec.cat\/iesalmenar\/wp-json\/wp\/v2\/users\/1"}],"replies":[{"embeddable":true,"href":"https:\/\/agora.xtec.cat\/iesalmenar\/wp-json\/wp\/v2\/comments?post=1963"}],"version-history":[{"count":1,"href":"https:\/\/agora.xtec.cat\/iesalmenar\/wp-json\/wp\/v2\/posts\/1963\/revisions"}],"predecessor-version":[{"id":4624,"href":"https:\/\/agora.xtec.cat\/iesalmenar\/wp-json\/wp\/v2\/posts\/1963\/revisions\/4624"}],"wp:featuredmedia":[{"embeddable":true,"href":"https:\/\/agora.xtec.cat\/iesalmenar\/wp-json\/wp\/v2\/media\/4623"}],"wp:attachment":[{"href":"https:\/\/agora.xtec.cat\/iesalmenar\/wp-json\/wp\/v2\/media?parent=1963"}],"wp:term":[{"taxonomy":"category","embeddable":true,"href":"https:\/\/agora.xtec.cat\/iesalmenar\/wp-json\/wp\/v2\/categories?post=1963"},{"taxonomy":"post_tag","embeddable":true,"href":"https:\/\/agora.xtec.cat\/iesalmenar\/wp-json\/wp\/v2\/tags?post=1963"}],"curies":[{"name":"wp","href":"https:\/\/api.w.org\/{rel}","templated":true}]}}