{"id":1960,"date":"2023-12-19T22:13:57","date_gmt":"2023-12-19T22:13:57","guid":{"rendered":"https:\/\/insalmenar.cat\/?p=1960"},"modified":"2023-12-19T22:13:57","modified_gmt":"2023-12-19T22:13:57","slug":"sorteig-cistelles-de-nadal","status":"publish","type":"post","link":"https:\/\/agora.xtec.cat\/iesalmenar\/noticies\/sorteig-cistelles-de-nadal\/","title":{"rendered":"Sorteig cistelles de Nadal"},"content":{"rendered":"\n<p>L&#8217;alumnat de 4t va sortejar tres cistelles de Nadal el dissabte dia 16 aprofitant la celebraci\u00f3 del Mercat de Nadal.<br>Els n\u00fameros premiats s\u00f3n aquests.<\/p>\n\n\n\n<figure class=\"wp-block-image size-large is-resized\"><img decoding=\"async\" src=\"https:\/\/insalmenar.cat\/wp-content\/uploads\/2023\/12\/WhatsApp-Image-2023-12-18-at-2.24.09-PM-2-669x1024.jpeg\" alt=\"\" class=\"wp-image-1961\" style=\"width:302px;height:auto\" \/><\/figure>\n","protected":false},"excerpt":{"rendered":"<p>L&#8217;alumnat de 4t va sortejar tres cistelles de Nadal el dissabte dia 16 aprofitant la celebraci\u00f3 del Mercat de Nadal.Els n\u00fameros premiats s\u00f3n aquests.<\/p>\n","protected":false},"author":1,"featured_media":0,"comment_status":"closed","ping_status":"closed","sticky":false,"template":"","format":"standard","meta":{"_bbp_topic_count":0,"_bbp_reply_count":0,"_bbp_total_topic_count":0,"_bbp_total_reply_count":0,"_bbp_voice_count":0,"_bbp_anonymous_reply_count":0,"_bbp_topic_count_hidden":0,"_bbp_reply_count_hidden":0,"_bbp_forum_subforum_count":0,"footnotes":""},"categories":[262],"tags":[],"class_list":["post-1960","post","type-post","status-publish","format-standard","hentry","category-noticies"],"post_mailing_queue_ids":[],"_links":{"self":[{"href":"https:\/\/agora.xtec.cat\/iesalmenar\/wp-json\/wp\/v2\/posts\/1960","targetHints":{"allow":["GET"]}}],"collection":[{"href":"https:\/\/agora.xtec.cat\/iesalmenar\/wp-json\/wp\/v2\/posts"}],"about":[{"href":"https:\/\/agora.xtec.cat\/iesalmenar\/wp-json\/wp\/v2\/types\/post"}],"author":[{"embeddable":true,"href":"https:\/\/agora.xtec.cat\/iesalmenar\/wp-json\/wp\/v2\/users\/1"}],"replies":[{"embeddable":true,"href":"https:\/\/agora.xtec.cat\/iesalmenar\/wp-json\/wp\/v2\/comments?post=1960"}],"version-history":[{"count":0,"href":"https:\/\/agora.xtec.cat\/iesalmenar\/wp-json\/wp\/v2\/posts\/1960\/revisions"}],"wp:attachment":[{"href":"https:\/\/agora.xtec.cat\/iesalmenar\/wp-json\/wp\/v2\/media?parent=1960"}],"wp:term":[{"taxonomy":"category","embeddable":true,"href":"https:\/\/agora.xtec.cat\/iesalmenar\/wp-json\/wp\/v2\/categories?post=1960"},{"taxonomy":"post_tag","embeddable":true,"href":"https:\/\/agora.xtec.cat\/iesalmenar\/wp-json\/wp\/v2\/tags?post=1960"}],"curies":[{"name":"wp","href":"https:\/\/api.w.org\/{rel}","templated":true}]}}