{"id":1923,"date":"2023-11-16T11:13:03","date_gmt":"2023-11-16T11:13:03","guid":{"rendered":"https:\/\/insalmenar.cat\/?p=1923"},"modified":"2024-02-08T12:26:17","modified_gmt":"2024-02-08T11:26:17","slug":"projecte-crocus","status":"publish","type":"post","link":"https:\/\/agora.xtec.cat\/iesalmenar\/noticies\/projecte-crocus\/","title":{"rendered":"PROJECTE CROCUS:"},"content":{"rendered":"\r\n<p>Aquesta setmana els nostres alumnes de 4 ESO han fet la seva aportaci\u00f3 al projecte. Han plantat els bulbs de recordan\u00e7a a la tardor per que a l&#8217;hivern (gener-febrer) floriran.<\/p>\r\n\r\n\r\n<p>El color groc i el dibuix de l&#8217;estrella de David es fa per recordar el mili\u00f3 i mig d&#8217;infants que van morir a mans dels nazis durant la Segona Guerra Mundial.<\/p>\r\n\r\n\r\n<p>A m\u00e9s donat el conflicte araboisraeli\u00e0 han plantat i dibuixat el s\u00edmbol de la pau.<\/p>\r\n\r\n\r\n<figure class=\"wp-block-image size-large is-resized\"><img decoding=\"async\" class=\"wp-image-1925\" style=\"width: 421px; height: auto;\" src=\"https:\/\/insalmenar.cat\/wp-content\/uploads\/2023\/11\/WhatsApp-Image-2023-11-13-at-3.22.23-PM-2-1024x768.jpeg\" alt=\"\" \/><\/figure>\r\n","protected":false},"excerpt":{"rendered":"<p>Aquesta setmana els nostres alumnes de 4 ESO han fet la seva aportaci\u00f3 al projecte. Han plantat els bulbs de recordan\u00e7a a la tardor per que a l&#8217;hivern (gener-febrer) floriran.<\/p>\n<p>El color groc i el dibuix de l&#8217;estrella de David es fa per recordar el mili\u00f3&hellip;  <a href=\"https:\/\/agora.xtec.cat\/iesalmenar\/noticies\/projecte-crocus\/\" title=\"Read PROJECTE CROCUS:\">Llegeix m\u00e9s\u00bb<\/a><\/p>\n","protected":false},"author":1,"featured_media":4631,"comment_status":"closed","ping_status":"closed","sticky":false,"template":"","format":"standard","meta":{"_bbp_topic_count":0,"_bbp_reply_count":0,"_bbp_total_topic_count":0,"_bbp_total_reply_count":0,"_bbp_voice_count":0,"_bbp_anonymous_reply_count":0,"_bbp_topic_count_hidden":0,"_bbp_reply_count_hidden":0,"_bbp_forum_subforum_count":0,"footnotes":""},"categories":[262],"tags":[],"class_list":["post-1923","post","type-post","status-publish","format-standard","has-post-thumbnail","hentry","category-noticies"],"post_mailing_queue_ids":[],"_links":{"self":[{"href":"https:\/\/agora.xtec.cat\/iesalmenar\/wp-json\/wp\/v2\/posts\/1923","targetHints":{"allow":["GET"]}}],"collection":[{"href":"https:\/\/agora.xtec.cat\/iesalmenar\/wp-json\/wp\/v2\/posts"}],"about":[{"href":"https:\/\/agora.xtec.cat\/iesalmenar\/wp-json\/wp\/v2\/types\/post"}],"author":[{"embeddable":true,"href":"https:\/\/agora.xtec.cat\/iesalmenar\/wp-json\/wp\/v2\/users\/1"}],"replies":[{"embeddable":true,"href":"https:\/\/agora.xtec.cat\/iesalmenar\/wp-json\/wp\/v2\/comments?post=1923"}],"version-history":[{"count":1,"href":"https:\/\/agora.xtec.cat\/iesalmenar\/wp-json\/wp\/v2\/posts\/1923\/revisions"}],"predecessor-version":[{"id":4633,"href":"https:\/\/agora.xtec.cat\/iesalmenar\/wp-json\/wp\/v2\/posts\/1923\/revisions\/4633"}],"wp:featuredmedia":[{"embeddable":true,"href":"https:\/\/agora.xtec.cat\/iesalmenar\/wp-json\/wp\/v2\/media\/4631"}],"wp:attachment":[{"href":"https:\/\/agora.xtec.cat\/iesalmenar\/wp-json\/wp\/v2\/media?parent=1923"}],"wp:term":[{"taxonomy":"category","embeddable":true,"href":"https:\/\/agora.xtec.cat\/iesalmenar\/wp-json\/wp\/v2\/categories?post=1923"},{"taxonomy":"post_tag","embeddable":true,"href":"https:\/\/agora.xtec.cat\/iesalmenar\/wp-json\/wp\/v2\/tags?post=1923"}],"curies":[{"name":"wp","href":"https:\/\/api.w.org\/{rel}","templated":true}]}}