{"id":1912,"date":"2023-10-26T09:46:27","date_gmt":"2023-10-26T09:46:27","guid":{"rendered":"https:\/\/insalmenar.cat\/?p=1912"},"modified":"2024-02-08T12:27:22","modified_gmt":"2024-02-08T11:27:22","slug":"linstitut-dalmenar-forma-part-de-la-xarxa-descoles-verdes","status":"publish","type":"post","link":"https:\/\/agora.xtec.cat\/iesalmenar\/noticies\/linstitut-dalmenar-forma-part-de-la-xarxa-descoles-verdes\/","title":{"rendered":"L&#8217;institut d&#8217;Almenar forma part de la Xarxa d&#8217;Escoles Verdes:"},"content":{"rendered":"\r\n<p>El distintiu d\u2019Escola Verda identifica els centres educatius de Catalunya que, volunt\u00e0riament, han fet seu el repte de la sostenibilitat i que curs rere curs, es plantegen i assoleixen noves fites.<\/p>\r\n\r\n\r\n<p>Cada 4 anys, el Programa Escoles Verdes proposa als centres un proc\u00e9s de reflexi\u00f3 en el qual s\u2019avalua l\u2019aven\u00e7 assolit en els quatre contextos d\u2019acci\u00f3 del programa (cultura de participaci\u00f3, gesti\u00f3 sostenible del centre, integraci\u00f3 de l\u2019educaci\u00f3 per la sostenibilitat en el curr\u00edculum i implicaci\u00f3 en la millora de l\u2019entorn) i es plantegen els nous reptes que vol assolir els propers cursos. El nostre institut ja fa 8 anys que pertany a aquesta xarxa i aquest any renovar el comprom\u00eds del centre de continuar educant per a la sostenibilitat.<\/p>\r\n","protected":false},"excerpt":{"rendered":"<p>El distintiu d\u2019Escola Verda identifica els centres educatius de Catalunya que, volunt\u00e0riament, han fet seu el repte de la sostenibilitat i que curs rere curs, es plantegen i assoleixen noves fites.<\/p>\n<p>Cada 4 anys, el Programa Escoles Verdes proposa als centres un proc\u00e9s de reflexi\u00f3 en&hellip;  <a href=\"https:\/\/agora.xtec.cat\/iesalmenar\/noticies\/linstitut-dalmenar-forma-part-de-la-xarxa-descoles-verdes\/\" title=\"Read L&#8217;institut d&#8217;Almenar forma part de la Xarxa d&#8217;Escoles Verdes:\">Llegeix m\u00e9s\u00bb<\/a><\/p>\n","protected":false},"author":1,"featured_media":4638,"comment_status":"closed","ping_status":"closed","sticky":false,"template":"","format":"standard","meta":{"_bbp_topic_count":0,"_bbp_reply_count":0,"_bbp_total_topic_count":0,"_bbp_total_reply_count":0,"_bbp_voice_count":0,"_bbp_anonymous_reply_count":0,"_bbp_topic_count_hidden":0,"_bbp_reply_count_hidden":0,"_bbp_forum_subforum_count":0,"footnotes":""},"categories":[262],"tags":[],"class_list":["post-1912","post","type-post","status-publish","format-standard","has-post-thumbnail","hentry","category-noticies"],"post_mailing_queue_ids":[],"_links":{"self":[{"href":"https:\/\/agora.xtec.cat\/iesalmenar\/wp-json\/wp\/v2\/posts\/1912","targetHints":{"allow":["GET"]}}],"collection":[{"href":"https:\/\/agora.xtec.cat\/iesalmenar\/wp-json\/wp\/v2\/posts"}],"about":[{"href":"https:\/\/agora.xtec.cat\/iesalmenar\/wp-json\/wp\/v2\/types\/post"}],"author":[{"embeddable":true,"href":"https:\/\/agora.xtec.cat\/iesalmenar\/wp-json\/wp\/v2\/users\/1"}],"replies":[{"embeddable":true,"href":"https:\/\/agora.xtec.cat\/iesalmenar\/wp-json\/wp\/v2\/comments?post=1912"}],"version-history":[{"count":1,"href":"https:\/\/agora.xtec.cat\/iesalmenar\/wp-json\/wp\/v2\/posts\/1912\/revisions"}],"predecessor-version":[{"id":4639,"href":"https:\/\/agora.xtec.cat\/iesalmenar\/wp-json\/wp\/v2\/posts\/1912\/revisions\/4639"}],"wp:featuredmedia":[{"embeddable":true,"href":"https:\/\/agora.xtec.cat\/iesalmenar\/wp-json\/wp\/v2\/media\/4638"}],"wp:attachment":[{"href":"https:\/\/agora.xtec.cat\/iesalmenar\/wp-json\/wp\/v2\/media?parent=1912"}],"wp:term":[{"taxonomy":"category","embeddable":true,"href":"https:\/\/agora.xtec.cat\/iesalmenar\/wp-json\/wp\/v2\/categories?post=1912"},{"taxonomy":"post_tag","embeddable":true,"href":"https:\/\/agora.xtec.cat\/iesalmenar\/wp-json\/wp\/v2\/tags?post=1912"}],"curies":[{"name":"wp","href":"https:\/\/api.w.org\/{rel}","templated":true}]}}