{"id":1885,"date":"2023-10-03T10:24:36","date_gmt":"2023-10-03T10:24:36","guid":{"rendered":"https:\/\/insalmenar.cat\/?p=1885"},"modified":"2024-02-08T12:29:20","modified_gmt":"2024-02-08T11:29:20","slug":"sortida-de-convivencia-1r-eso","status":"publish","type":"post","link":"https:\/\/agora.xtec.cat\/iesalmenar\/noticies\/sortida-de-convivencia-1r-eso\/","title":{"rendered":"Sortida de conviv\u00e8ncia 1r ESO"},"content":{"rendered":"\r\n<p>El passat divendres l&#8217;alumnat de 1r d&#8217;ESO ha realitzat la sortida de conviv\u00e8ncia a Sant Lloren\u00e7 de Montgai. Ha sigut una experi\u00e8ncia molt positiva on hem realitzat una caminada al voltant del llac i jocs de cohesi\u00f3 grupal.<\/p>\r\n\r\n\r\n<p>Podeu trobar totes les imatges a la nostra <a href=\"https:\/\/photos.app.goo.gl\/vdSMCDfJ4gysQAfQ9\" target=\"_blank\" rel=\"noreferrer noopener\">GALERIA<\/a>.<\/p>\r\n","protected":false},"excerpt":{"rendered":"<p>El passat divendres l&#8217;alumnat de 1r d&#8217;ESO ha realitzat la sortida de conviv\u00e8ncia a Sant Lloren\u00e7 de Montgai. Ha sigut una experi\u00e8ncia molt positiva on hem realitzat una caminada al voltant del llac i jocs de cohesi\u00f3 grupal.<\/p>\n<p>Podeu trobar totes les imatges a la nostra&hellip;  <a href=\"https:\/\/agora.xtec.cat\/iesalmenar\/noticies\/sortida-de-convivencia-1r-eso\/\" title=\"Read Sortida de conviv\u00e8ncia 1r ESO\">Llegeix m\u00e9s\u00bb<\/a><\/p>\n","protected":false},"author":1,"featured_media":4642,"comment_status":"closed","ping_status":"closed","sticky":false,"template":"","format":"standard","meta":{"_bbp_topic_count":0,"_bbp_reply_count":0,"_bbp_total_topic_count":0,"_bbp_total_reply_count":0,"_bbp_voice_count":0,"_bbp_anonymous_reply_count":0,"_bbp_topic_count_hidden":0,"_bbp_reply_count_hidden":0,"_bbp_forum_subforum_count":0,"footnotes":""},"categories":[262],"tags":[],"class_list":["post-1885","post","type-post","status-publish","format-standard","has-post-thumbnail","hentry","category-noticies"],"post_mailing_queue_ids":[],"_links":{"self":[{"href":"https:\/\/agora.xtec.cat\/iesalmenar\/wp-json\/wp\/v2\/posts\/1885","targetHints":{"allow":["GET"]}}],"collection":[{"href":"https:\/\/agora.xtec.cat\/iesalmenar\/wp-json\/wp\/v2\/posts"}],"about":[{"href":"https:\/\/agora.xtec.cat\/iesalmenar\/wp-json\/wp\/v2\/types\/post"}],"author":[{"embeddable":true,"href":"https:\/\/agora.xtec.cat\/iesalmenar\/wp-json\/wp\/v2\/users\/1"}],"replies":[{"embeddable":true,"href":"https:\/\/agora.xtec.cat\/iesalmenar\/wp-json\/wp\/v2\/comments?post=1885"}],"version-history":[{"count":1,"href":"https:\/\/agora.xtec.cat\/iesalmenar\/wp-json\/wp\/v2\/posts\/1885\/revisions"}],"predecessor-version":[{"id":4643,"href":"https:\/\/agora.xtec.cat\/iesalmenar\/wp-json\/wp\/v2\/posts\/1885\/revisions\/4643"}],"wp:featuredmedia":[{"embeddable":true,"href":"https:\/\/agora.xtec.cat\/iesalmenar\/wp-json\/wp\/v2\/media\/4642"}],"wp:attachment":[{"href":"https:\/\/agora.xtec.cat\/iesalmenar\/wp-json\/wp\/v2\/media?parent=1885"}],"wp:term":[{"taxonomy":"category","embeddable":true,"href":"https:\/\/agora.xtec.cat\/iesalmenar\/wp-json\/wp\/v2\/categories?post=1885"},{"taxonomy":"post_tag","embeddable":true,"href":"https:\/\/agora.xtec.cat\/iesalmenar\/wp-json\/wp\/v2\/tags?post=1885"}],"curies":[{"name":"wp","href":"https:\/\/api.w.org\/{rel}","templated":true}]}}