{"id":1848,"date":"2023-06-20T08:43:40","date_gmt":"2023-06-20T08:43:40","guid":{"rendered":"https:\/\/insalmenar.cat\/?p=1848"},"modified":"2023-06-20T08:43:40","modified_gmt":"2023-06-20T08:43:40","slug":"matricula-batxillerat-curs-22-23","status":"publish","type":"post","link":"https:\/\/agora.xtec.cat\/iesalmenar\/noticies\/matricula-batxillerat-curs-22-23\/","title":{"rendered":"Matricula Batxillerat Curs 23\/24"},"content":{"rendered":"\n<p>El per\u00edode de matr\u00edcula \u00e9s <strong>del 22 de juny al 3 de juliol de 2023<\/strong>, on el lliurament de la documentaci\u00f3 \u00e9s telem\u00e0tic.<\/p>\n\n\n\n<p><u>Adre\u00e7a de correu electr\u00f2nic on enviar<\/u> la documentaci\u00f3:<strong> secretaria@insalmenar.cat<\/strong><\/p>\n\n\n\n<p>Cal indicar a l\u2019<u>assumpte<\/u>: <strong>Matr\u00edcula 1r BTX \u201ccognoms i nom de l\u2019alumne\u201d<\/strong>, en el cas de 1r de Batxillerat, i <strong>Matr\u00edcula 2n BTX \u201ccognoms i nom de l\u2019alumne\u201d<\/strong>, en el cas de 2n.<\/p>\n\n\n\n<p><strong>Documentaci\u00f3 que cal adjuntar:<\/strong><\/p>\n\n\n\n<ul class=\"wp-block-list\">\n<li>Full de matr\u00edcula degudament omplert i signat:\n<ul class=\"wp-block-list\">\n<li><a href=\"https:\/\/drive.google.com\/file\/d\/1EbbafJzewPz8HfzH5C38S4kW7mKHB5JK\/view?usp=sharing\" target=\"_blank\" rel=\"noreferrer noopener\">Document<\/a> 1r Batxillerat<\/li>\n\n\n\n<li><a href=\"https:\/\/drive.google.com\/file\/d\/1Zt28dUwJdZCj3kjSmWATknqwXOzZWWVt\/view?usp=sharing\" target=\"_blank\" rel=\"noreferrer noopener\">Document<\/a> 2n Batxillerat<\/li>\n<\/ul>\n<\/li>\n\n\n\n<li>Documentaci\u00f3 indicada m\u00e9s endavant, si s\u2019escau.<\/li>\n\n\n\n<li>Resguard de la tria de mat\u00e8ries de modalitat i optatives (si no s\u2019ha fet a trav\u00e9s del formulari de Google).<\/li>\n\n\n\n<li>Llibres de text (<a href=\"https:\/\/insalmenar.cat\/llibres-de-text\/\" target=\"_blank\" rel=\"noreferrer noopener\">aqu\u00ed<\/a>)<\/li>\n<\/ul>\n","protected":false},"excerpt":{"rendered":"<p>El per\u00edode de matr\u00edcula \u00e9s del 22 de juny al 3 de juliol de 2023, on el lliurament de la documentaci\u00f3 \u00e9s telem\u00e0tic.<\/p>\n<p>Adre\u00e7a de correu electr\u00f2nic on enviar la documentaci\u00f3: secretaria@insalmenar.cat<\/p>\n<p>Cal indicar a l\u2019assumpte: Matr\u00edcula 1r BTX \u201ccognoms i nom de l\u2019alumne\u201d, en el cas&hellip;  <a href=\"https:\/\/agora.xtec.cat\/iesalmenar\/noticies\/matricula-batxillerat-curs-22-23\/\" title=\"Read Matricula Batxillerat Curs 23\/24\">Llegeix m\u00e9s\u00bb<\/a><\/p>\n","protected":false},"author":1,"featured_media":0,"comment_status":"closed","ping_status":"closed","sticky":false,"template":"","format":"standard","meta":{"_bbp_topic_count":0,"_bbp_reply_count":0,"_bbp_total_topic_count":0,"_bbp_total_reply_count":0,"_bbp_voice_count":0,"_bbp_anonymous_reply_count":0,"_bbp_topic_count_hidden":0,"_bbp_reply_count_hidden":0,"_bbp_forum_subforum_count":0,"footnotes":""},"categories":[262],"tags":[],"class_list":["post-1848","post","type-post","status-publish","format-standard","hentry","category-noticies"],"post_mailing_queue_ids":[],"_links":{"self":[{"href":"https:\/\/agora.xtec.cat\/iesalmenar\/wp-json\/wp\/v2\/posts\/1848","targetHints":{"allow":["GET"]}}],"collection":[{"href":"https:\/\/agora.xtec.cat\/iesalmenar\/wp-json\/wp\/v2\/posts"}],"about":[{"href":"https:\/\/agora.xtec.cat\/iesalmenar\/wp-json\/wp\/v2\/types\/post"}],"author":[{"embeddable":true,"href":"https:\/\/agora.xtec.cat\/iesalmenar\/wp-json\/wp\/v2\/users\/1"}],"replies":[{"embeddable":true,"href":"https:\/\/agora.xtec.cat\/iesalmenar\/wp-json\/wp\/v2\/comments?post=1848"}],"version-history":[{"count":0,"href":"https:\/\/agora.xtec.cat\/iesalmenar\/wp-json\/wp\/v2\/posts\/1848\/revisions"}],"wp:attachment":[{"href":"https:\/\/agora.xtec.cat\/iesalmenar\/wp-json\/wp\/v2\/media?parent=1848"}],"wp:term":[{"taxonomy":"category","embeddable":true,"href":"https:\/\/agora.xtec.cat\/iesalmenar\/wp-json\/wp\/v2\/categories?post=1848"},{"taxonomy":"post_tag","embeddable":true,"href":"https:\/\/agora.xtec.cat\/iesalmenar\/wp-json\/wp\/v2\/tags?post=1848"}],"curies":[{"name":"wp","href":"https:\/\/api.w.org\/{rel}","templated":true}]}}