{"id":1841,"date":"2023-06-19T12:35:06","date_gmt":"2023-06-19T12:35:06","guid":{"rendered":"https:\/\/insalmenar.cat\/?p=1841"},"modified":"2023-06-19T12:35:06","modified_gmt":"2023-06-19T12:35:06","slug":"matricula-de-1r-eso","status":"publish","type":"post","link":"https:\/\/agora.xtec.cat\/iesalmenar\/noticies\/matricula-de-1r-eso\/","title":{"rendered":"Matr\u00edcula de 1r ESO"},"content":{"rendered":"\n<p>S&#8217;obre el per\u00edode de matricula per a 1r d&#8217;ESO pel curs 23\/24, el lliurament de documentaci\u00f3 \u00e9s <strong>del 20 al 28 de juny de 2023<\/strong>.<\/p>\n\n\n\n<p>Documentaci\u00f3 que cal adjuntar:<\/p>\n\n\n\n<ul class=\"wp-block-list\">\n<li>Full de matr\u00edcula (<a href=\"https:\/\/drive.google.com\/file\/d\/1cCPXsw3BDH-77BrTpxzU7XZ_zADpU9L9\/view?usp=sharing\" target=\"_blank\" rel=\"noreferrer noopener\">aquest<\/a>) degudament omplert i signat.<\/li>\n\n\n\n<li><a href=\"https:\/\/drive.google.com\/file\/d\/1Nrw8oqGT-GX1liR3JbAtSwOlVEGS5r79\/view?usp=sharing\" target=\"_blank\" rel=\"noreferrer noopener\">Full <\/a>de dades generals.<\/li>\n\n\n\n<li><a href=\"https:\/\/drive.google.com\/file\/d\/1xyh8BiNQbfliasjXOM9vE2jPd-zJtZBS\/view?usp=sharing\" target=\"_blank\" rel=\"noreferrer noopener\">Carta de comprom\u00eds<\/a> educatiu, dades personals i autoritzaci\u00f3 imatge.<\/li>\n\n\n\n<li><a href=\"https:\/\/drive.google.com\/file\/d\/1-R0bX7TCEoCMgMYrf4VeQq7qgI6KcQhV\/view?usp=sharing\" target=\"_blank\" rel=\"noreferrer noopener\">Autoritzaci\u00f3<\/a> d&#8217;\u00fas d&#8217;imatges d&#8217;alumnes menors d&#8217;edat.<\/li>\n\n\n\n<li>Full de transport, si s\u2019escau (<a href=\"https:\/\/insalmenar.cat\/transport\/\" target=\"_blank\" rel=\"noreferrer noopener\">+ informaci\u00f3<\/a>).<\/li>\n\n\n\n<li>Llibres de text (<a href=\"https:\/\/insalmenar.cat\/llibres-de-text\/\" target=\"_blank\" rel=\"noreferrer noopener\">aqu\u00ed<\/a>)<\/li>\n<\/ul>\n\n\n\n<p><\/p>\n\n\n\n<h2 class=\"wp-block-heading\">Matr\u00edcula de 2n, 3r i 4t:<\/h2>\n\n\n\n<p>A continuaci\u00f3 es detalla la documentaci\u00f3 necess\u00e0ria per a matricular-se de 2n, 3r i 4t d&#8217;ESO:<\/p>\n\n\n\n<ul class=\"wp-block-list\">\n<li><a href=\"https:\/\/drive.google.com\/file\/d\/1xPhGH4n7j45j2p6JWqv5h935XFw030XN\/view?usp=sharing\" target=\"_blank\" rel=\"noreferrer noopener\">Documentaci\u00f3 2n d&#8217;ESO<\/a>.<\/li>\n\n\n\n<li><a href=\"https:\/\/drive.google.com\/file\/d\/12_WnEneW-fJzyHCLqDFgSVPXfYwMFO4O\/view?usp=sharing\" target=\"_blank\" rel=\"noreferrer noopener\">Documentaci\u00f3 3r d&#8217;ESO<\/a>.<\/li>\n\n\n\n<li><a href=\"https:\/\/drive.google.com\/file\/d\/1bMdhRhkG6WHJMfytGv8nbo2zEMOU36lw\/view?usp=sharing\" target=\"_blank\" rel=\"noreferrer noopener\">Documentaci\u00f3 4t d&#8217;ESO<\/a>.<\/li>\n<\/ul>\n","protected":false},"excerpt":{"rendered":"<p>S&#8217;obre el per\u00edode de matricula per a 1r d&#8217;ESO pel curs 23\/24, el lliurament de documentaci\u00f3 \u00e9s del 20 al 28 de juny de 2023.<\/p>\n<p>Documentaci\u00f3 que cal adjuntar:<\/p>\n<ul class=\"wp-block-list\">\n<li>Full de matr\u00edcula (<a href=\"https:\/\/drive.google.com\/file\/d\/1cCPXsw3BDH-77BrTpxzU7XZ_zADpU9L9\/view?usp=sharing\" target=\"_blank\" rel=\"noreferrer noopener\">aquest<\/a>) degudament omplert i signat.<\/li>\n<li><a href=\"https:\/\/drive.google.com\/file\/d\/1Nrw8oqGT-GX1liR3JbAtSwOlVEGS5r79\/view?usp=sharing\" target=\"_blank\" rel=\"noreferrer noopener\">Full <\/a>de&hellip;  <a href=\"https:\/\/agora.xtec.cat\/iesalmenar\/noticies\/matricula-de-1r-eso\/\" title=\"Read Matr\u00edcula de 1r ESO\">Llegeix m\u00e9s\u00bb<\/a><br \/>\n","protected":false},"author":1,"featured_media":0,"comment_status":"closed","ping_status":"closed","sticky":false,"template":"","format":"standard","meta":{"_bbp_topic_count":0,"_bbp_reply_count":0,"_bbp_total_topic_count":0,"_bbp_total_reply_count":0,"_bbp_voice_count":0,"_bbp_anonymous_reply_count":0,"_bbp_topic_count_hidden":0,"_bbp_reply_count_hidden":0,"_bbp_forum_subforum_count":0,"footnotes":""},"categories":[262],"tags":[],"class_list":["post-1841","post","type-post","status-publish","format-standard","hentry","category-noticies"],"post_mailing_queue_ids":[],"_links":{"self":[{"href":"https:\/\/agora.xtec.cat\/iesalmenar\/wp-json\/wp\/v2\/posts\/1841","targetHints":{"allow":["GET"]}}],"collection":[{"href":"https:\/\/agora.xtec.cat\/iesalmenar\/wp-json\/wp\/v2\/posts"}],"about":[{"href":"https:\/\/agora.xtec.cat\/iesalmenar\/wp-json\/wp\/v2\/types\/post"}],"author":[{"embeddable":true,"href":"https:\/\/agora.xtec.cat\/iesalmenar\/wp-json\/wp\/v2\/users\/1"}],"replies":[{"embeddable":true,"href":"https:\/\/agora.xtec.cat\/iesalmenar\/wp-json\/wp\/v2\/comments?post=1841"}],"version-history":[{"count":0,"href":"https:\/\/agora.xtec.cat\/iesalmenar\/wp-json\/wp\/v2\/posts\/1841\/revisions"}],"wp:attachment":[{"href":"https:\/\/agora.xtec.cat\/iesalmenar\/wp-json\/wp\/v2\/media?parent=1841"}],"wp:term":[{"taxonomy":"category","embeddable":true,"href":"https:\/\/agora.xtec.cat\/iesalmenar\/wp-json\/wp\/v2\/categories?post=1841"},{"taxonomy":"post_tag","embeddable":true,"href":"https:\/\/agora.xtec.cat\/iesalmenar\/wp-json\/wp\/v2\/tags?post=1841"}],"curies":[{"name":"wp","href":"https:\/\/api.w.org\/{rel}","templated":true}]}}