{"id":1816,"date":"2023-06-14T10:05:09","date_gmt":"2023-06-14T10:05:09","guid":{"rendered":"https:\/\/insalmenar.cat\/?p=1816"},"modified":"2023-06-14T10:05:09","modified_gmt":"2023-06-14T10:05:09","slug":"credit-de-sintesi-2n-deso","status":"publish","type":"post","link":"https:\/\/agora.xtec.cat\/iesalmenar\/noticies\/credit-de-sintesi-2n-deso\/","title":{"rendered":"Cr\u00e8dit de s\u00edntesi 2n d&#8217;ESO"},"content":{"rendered":"\n<p>L&#8217;alumnat de 2n d&#8217;ESO ha realitzat el cr\u00e8dit de s\u00edntesi a les Planes de Son. Han realitzat activitats de natura com orientaci\u00f3, una excursi\u00f3 per l&#8217;alta muntanya, una visita a la fauna del Pirineu i han apr\u00e8s com funciona un edifici bioclim\u00e0tic. Moltes gr\u00e0cies a\u00a0<a href=\"https:\/\/www.instagram.com\/monnaturapirineus\/\">@monnaturapirineus<\/a>\u00a0per les activitats i pel gran tracte rebut.<\/p>\n\n\n\n<p>Podeu trobar totes les imatges a la nostra <a href=\"https:\/\/photos.app.goo.gl\/t3NTwcBc5xUYPvQr9\" target=\"_blank\" rel=\"noreferrer noopener\">GALERIA<\/a>.<\/p>\n","protected":false},"excerpt":{"rendered":"<p>L&#8217;alumnat de 2n d&#8217;ESO ha realitzat el cr\u00e8dit de s\u00edntesi a les Planes de Son. Han realitzat activitats de natura com orientaci\u00f3, una excursi\u00f3 per l&#8217;alta muntanya, una visita a la fauna del Pirineu i han apr\u00e8s com funciona un edifici bioclim\u00e0tic. Moltes gr\u00e0cies a\u00a0<a&hellip;  <a href=\"https:\/\/agora.xtec.cat\/iesalmenar\/noticies\/credit-de-sintesi-2n-deso\/\" title=\"Read Cr\u00e8dit de s\u00edntesi 2n d&#8217;ESO\">Llegeix m\u00e9s\u00bb<\/a><\/p>\n","protected":false},"author":1,"featured_media":1817,"comment_status":"closed","ping_status":"closed","sticky":false,"template":"","format":"standard","meta":{"_bbp_topic_count":0,"_bbp_reply_count":0,"_bbp_total_topic_count":0,"_bbp_total_reply_count":0,"_bbp_voice_count":0,"_bbp_anonymous_reply_count":0,"_bbp_topic_count_hidden":0,"_bbp_reply_count_hidden":0,"_bbp_forum_subforum_count":0,"footnotes":""},"categories":[262],"tags":[],"class_list":["post-1816","post","type-post","status-publish","format-standard","has-post-thumbnail","hentry","category-noticies"],"post_mailing_queue_ids":[],"_links":{"self":[{"href":"https:\/\/agora.xtec.cat\/iesalmenar\/wp-json\/wp\/v2\/posts\/1816","targetHints":{"allow":["GET"]}}],"collection":[{"href":"https:\/\/agora.xtec.cat\/iesalmenar\/wp-json\/wp\/v2\/posts"}],"about":[{"href":"https:\/\/agora.xtec.cat\/iesalmenar\/wp-json\/wp\/v2\/types\/post"}],"author":[{"embeddable":true,"href":"https:\/\/agora.xtec.cat\/iesalmenar\/wp-json\/wp\/v2\/users\/1"}],"replies":[{"embeddable":true,"href":"https:\/\/agora.xtec.cat\/iesalmenar\/wp-json\/wp\/v2\/comments?post=1816"}],"version-history":[{"count":0,"href":"https:\/\/agora.xtec.cat\/iesalmenar\/wp-json\/wp\/v2\/posts\/1816\/revisions"}],"wp:featuredmedia":[{"embeddable":true,"href":"https:\/\/agora.xtec.cat\/iesalmenar\/wp-json\/"}],"wp:attachment":[{"href":"https:\/\/agora.xtec.cat\/iesalmenar\/wp-json\/wp\/v2\/media?parent=1816"}],"wp:term":[{"taxonomy":"category","embeddable":true,"href":"https:\/\/agora.xtec.cat\/iesalmenar\/wp-json\/wp\/v2\/categories?post=1816"},{"taxonomy":"post_tag","embeddable":true,"href":"https:\/\/agora.xtec.cat\/iesalmenar\/wp-json\/wp\/v2\/tags?post=1816"}],"curies":[{"name":"wp","href":"https:\/\/api.w.org\/{rel}","templated":true}]}}