{"id":1808,"date":"2023-06-12T15:39:18","date_gmt":"2023-06-12T15:39:18","guid":{"rendered":"https:\/\/insalmenar.cat\/?p=1808"},"modified":"2023-06-12T15:39:18","modified_gmt":"2023-06-12T15:39:18","slug":"reutilitzacio-de-llibres-curs-23-24","status":"publish","type":"post","link":"https:\/\/agora.xtec.cat\/iesalmenar\/noticies\/reutilitzacio-de-llibres-curs-23-24\/","title":{"rendered":"REUTILITZACI\u00d3 DE LLIBRES CURS 23-24"},"content":{"rendered":"\n<p>Us fem arribar la seg\u00fcent comunicaci\u00f3 des de Iddink.<\/p>\n\n\n\n<p>Benvolgudes fam\u00edlies,<br>Aquest curs continuem oferint el Projecte de Reutilitzaci\u00f3 de llibres amb IDDINK i el seu sistema d&#8217;ecoBooks. Els avantatges d&#8217;aquest sistema s\u00f3n:<\/p>\n\n\n\n<ul class=\"wp-block-list\">\n<li>Estalvi del\u00a0<strong>60%<\/strong>\u00a0respecte al PVP en l&#8217;adquisici\u00f3 dels llibres reutilitzables (ecoBooks).<\/li>\n\n\n\n<li>Comanda unificada amb sistema flexible: es pot triar qu\u00e8 comprar: llibres nous, reutilitzables, de lectura, quotes, dossiers, material de papereria, etc.<\/li>\n\n\n\n<li>Les comandes es lliuraran a domicili a partir de la tercera setmana de juliol.<\/li>\n<\/ul>\n\n\n\n<p>Contacte amb IDDINK:<\/p>\n\n\n\n<p><em>P\u00e0gina web:\u00a0<a href=\"https:\/\/eur03.safelinks.protection.outlook.com\/?url=http%3A%2F%2Fwww.iddink.cat%2F&amp;data=05%7C01%7Craquel.fernandez%40iddinkgroup.es%7Cd6ea83a6eabb46bcf74808db60ff6743%7C4d5a48993bae4dc59ea0ba540b354430%7C0%7C0%7C638210422294431040%7CUnknown%7CTWFpbGZsb3d8eyJWIjoiMC4wLjAwMDAiLCJQIjoiV2luMzIiLCJBTiI6Ik1haWwiLCJXVCI6Mn0%3D%7C3000%7C%7C%7C&amp;sdata=dG%2F4D1bMO2hIdetkUg9F4hQmd6ZUmdzLAnrJypgDUNg%3D&amp;reserved=0\" target=\"_blank\" rel=\"noreferrer noopener\">www.iddink.cat<\/a><\/em><\/p>\n\n\n\n<p><em>Tel\u00e8fon: 93 238 88 33<\/em><\/p>\n\n\n\n<p><em>Correu electr\u00f2nic:\u00a0<a href=\"mailto:info@iddink.cat\" target=\"_blank\" rel=\"noreferrer noopener\">info@iddink.cat<\/a><\/em><\/p>\n\n\n\n<p>Tingueu en compte que les\u00a0comandes\u00a0abans del 21 de juliol s&#8217;estalviaran\u00a03\u202f\u20ac de despeses de gesti\u00f3.<br>Un any m\u00e9s us animem a utilitzar aquest sistema que redueix els costos mediambientals i aconsegueix un gran estalvi econ\u00f2mic.<br>Vols saber-ne m\u00e9s?<\/p>\n\n\n\n<p class=\"has-text-align-center\"><a href=\"http:\/\/microsites.iddink.es\/366_institut_dalmenar\" target=\"_blank\" rel=\"noreferrer noopener\"><strong>http:\/\/microsites.iddink.es\/366_institut_dalmenar<\/strong><\/a><\/p>\n","protected":false},"excerpt":{"rendered":"<p>Us fem arribar la seg\u00fcent comunicaci\u00f3 des de Iddink.<\/p>\n<p>Benvolgudes fam\u00edlies,Aquest curs continuem oferint el Projecte de Reutilitzaci\u00f3 de llibres amb IDDINK i el seu sistema d&#8217;ecoBooks. Els avantatges d&#8217;aquest sistema s\u00f3n:<\/p>\n<ul class=\"wp-block-list\">\n<li>Estalvi del\u00a060%\u00a0respecte al PVP en l&#8217;adquisici\u00f3 dels llibres reutilitzables (ecoBooks).<\/li>\n<li>Comanda unificada amb sistema flexible:&hellip;  <a href=\"https:\/\/agora.xtec.cat\/iesalmenar\/noticies\/reutilitzacio-de-llibres-curs-23-24\/\" title=\"Read REUTILITZACI\u00d3 DE LLIBRES CURS 23-24\">Llegeix m\u00e9s\u00bb<\/a><br \/>\n","protected":false},"author":1,"featured_media":0,"comment_status":"closed","ping_status":"closed","sticky":false,"template":"","format":"standard","meta":{"_bbp_topic_count":0,"_bbp_reply_count":0,"_bbp_total_topic_count":0,"_bbp_total_reply_count":0,"_bbp_voice_count":0,"_bbp_anonymous_reply_count":0,"_bbp_topic_count_hidden":0,"_bbp_reply_count_hidden":0,"_bbp_forum_subforum_count":0,"footnotes":""},"categories":[262],"tags":[],"class_list":["post-1808","post","type-post","status-publish","format-standard","hentry","category-noticies"],"post_mailing_queue_ids":[],"_links":{"self":[{"href":"https:\/\/agora.xtec.cat\/iesalmenar\/wp-json\/wp\/v2\/posts\/1808","targetHints":{"allow":["GET"]}}],"collection":[{"href":"https:\/\/agora.xtec.cat\/iesalmenar\/wp-json\/wp\/v2\/posts"}],"about":[{"href":"https:\/\/agora.xtec.cat\/iesalmenar\/wp-json\/wp\/v2\/types\/post"}],"author":[{"embeddable":true,"href":"https:\/\/agora.xtec.cat\/iesalmenar\/wp-json\/wp\/v2\/users\/1"}],"replies":[{"embeddable":true,"href":"https:\/\/agora.xtec.cat\/iesalmenar\/wp-json\/wp\/v2\/comments?post=1808"}],"version-history":[{"count":0,"href":"https:\/\/agora.xtec.cat\/iesalmenar\/wp-json\/wp\/v2\/posts\/1808\/revisions"}],"wp:attachment":[{"href":"https:\/\/agora.xtec.cat\/iesalmenar\/wp-json\/wp\/v2\/media?parent=1808"}],"wp:term":[{"taxonomy":"category","embeddable":true,"href":"https:\/\/agora.xtec.cat\/iesalmenar\/wp-json\/wp\/v2\/categories?post=1808"},{"taxonomy":"post_tag","embeddable":true,"href":"https:\/\/agora.xtec.cat\/iesalmenar\/wp-json\/wp\/v2\/tags?post=1808"}],"curies":[{"name":"wp","href":"https:\/\/api.w.org\/{rel}","templated":true}]}}