{"id":1786,"date":"2023-05-19T17:02:41","date_gmt":"2023-05-19T17:02:41","guid":{"rendered":"https:\/\/insalmenar.cat\/?p=1786"},"modified":"2023-05-19T17:02:41","modified_gmt":"2023-05-19T17:02:41","slug":"credit-de-sintesi-1-deso","status":"publish","type":"post","link":"https:\/\/agora.xtec.cat\/iesalmenar\/noticies\/credit-de-sintesi-1-deso\/","title":{"rendered":"Cr\u00e8dit de S\u00edntesi 1 d&#8217;ESO"},"content":{"rendered":"\n<p>L&#8217;alumnat de 1r d&#8217;ESO ha pogut gaudir aquesta setmana del seu Cr\u00e8dit de S\u00edntesi &#8220;Coneixement de l&#8217;univers&#8221; a la casa de col\u00f2nies Mas Portal d&#8217;\u00c0ger. Han realitzat diferents activitats f\u00edsiques\u00a0com te\u00f2riques, aix\u00ed com la visita nocturna al\u00a0<a>@parcastronomic<\/a><\/p>\n\n\n\n<p>Podeu trobar totes les imatges a la nostra <a href=\"https:\/\/photos.app.goo.gl\/pL6bTMU3s6ueC1RV9\" target=\"_blank\" rel=\"noreferrer noopener\">GALERIA<\/a>.<\/p>\n","protected":false},"excerpt":{"rendered":"<p>L&#8217;alumnat de 1r d&#8217;ESO ha pogut gaudir aquesta setmana del seu Cr\u00e8dit de S\u00edntesi &#8220;Coneixement de l&#8217;univers&#8221; a la casa de col\u00f2nies Mas Portal d&#8217;\u00c0ger. Han realitzat diferents activitats f\u00edsiques\u00a0com te\u00f2riques, aix\u00ed com la visita nocturna al\u00a0<a>@parcastronomic<\/a><\/p>\n<p>Podeu trobar totes les imatges a la nostra <a&hellip;  <a href=\"https:\/\/agora.xtec.cat\/iesalmenar\/noticies\/credit-de-sintesi-1-deso\/\" title=\"Read Cr\u00e8dit de S\u00edntesi 1 d&#8217;ESO\">Llegeix m\u00e9s\u00bb<\/a><\/p>\n","protected":false},"author":1,"featured_media":1787,"comment_status":"closed","ping_status":"closed","sticky":false,"template":"","format":"standard","meta":{"_bbp_topic_count":0,"_bbp_reply_count":0,"_bbp_total_topic_count":0,"_bbp_total_reply_count":0,"_bbp_voice_count":0,"_bbp_anonymous_reply_count":0,"_bbp_topic_count_hidden":0,"_bbp_reply_count_hidden":0,"_bbp_forum_subforum_count":0,"footnotes":""},"categories":[262],"tags":[],"class_list":["post-1786","post","type-post","status-publish","format-standard","has-post-thumbnail","hentry","category-noticies"],"post_mailing_queue_ids":[],"_links":{"self":[{"href":"https:\/\/agora.xtec.cat\/iesalmenar\/wp-json\/wp\/v2\/posts\/1786","targetHints":{"allow":["GET"]}}],"collection":[{"href":"https:\/\/agora.xtec.cat\/iesalmenar\/wp-json\/wp\/v2\/posts"}],"about":[{"href":"https:\/\/agora.xtec.cat\/iesalmenar\/wp-json\/wp\/v2\/types\/post"}],"author":[{"embeddable":true,"href":"https:\/\/agora.xtec.cat\/iesalmenar\/wp-json\/wp\/v2\/users\/1"}],"replies":[{"embeddable":true,"href":"https:\/\/agora.xtec.cat\/iesalmenar\/wp-json\/wp\/v2\/comments?post=1786"}],"version-history":[{"count":0,"href":"https:\/\/agora.xtec.cat\/iesalmenar\/wp-json\/wp\/v2\/posts\/1786\/revisions"}],"wp:featuredmedia":[{"embeddable":true,"href":"https:\/\/agora.xtec.cat\/iesalmenar\/wp-json\/"}],"wp:attachment":[{"href":"https:\/\/agora.xtec.cat\/iesalmenar\/wp-json\/wp\/v2\/media?parent=1786"}],"wp:term":[{"taxonomy":"category","embeddable":true,"href":"https:\/\/agora.xtec.cat\/iesalmenar\/wp-json\/wp\/v2\/categories?post=1786"},{"taxonomy":"post_tag","embeddable":true,"href":"https:\/\/agora.xtec.cat\/iesalmenar\/wp-json\/wp\/v2\/tags?post=1786"}],"curies":[{"name":"wp","href":"https:\/\/api.w.org\/{rel}","templated":true}]}}